{"id":32130,"date":"2016-07-23T07:17:27","date_gmt":"2016-07-23T11:17:27","guid":{"rendered":"https:\/\/ocorreionews.com.br\/?p=32130"},"modified":"2016-07-23T07:17:27","modified_gmt":"2016-07-23T11:17:27","slug":"senador-e-deputados-estarao-em-chapadao-do-sul-neste-sabado-no-apoio-da-pre-candidatura-de-schlatter","status":"publish","type":"post","link":"https:\/\/www.ocorreionews.com.br\/acervo-correio\/?p=32130","title":{"rendered":"SENADOR e deputados estar\u00e3o em Chapad\u00e3o do Sul neste s\u00e1bado no apoio da pr\u00e9-candidatura de Schlatter"},"content":{"rendered":"<p>O senador Valdemir Moka e os deputados \u00a0Carlos Marun (federal) J\u00fanior Mochi, M\u00e1rcio Fernandes (estadual) \u00a0\u00a0confirmaram as presen\u00e7as em Chapad\u00e3o do Sul neste s\u00e1bado. A viagem \u00e9 institucional porque sempre participaram com emendas para Chapad\u00e3o do Sul e pol\u00edtica pelo apoio \u00e0s pr\u00e9-candidaturas de Walter Schlatter (PMDB) e \u00a0Claudiomar Bocalan (PSC). Eles se reunir\u00e3o no Ki\u00a0 Bufett \u00e0s 10h30 onde ser\u00e1 feito um encontro para discutir as prioridades de Chapad\u00e3o do Sul e o apoio \u00e0 coliga\u00e7\u00e3o encabe\u00e7ada pelo PMDB visando as elei\u00e7\u00f5es de outubro<\/p>\n","protected":false},"excerpt":{"rendered":"<p>O senador Valdemir Moka e os deputados \u00a0Carlos Marun (federal) J\u00fanior Mochi, M\u00e1rcio Fernandes (estadual) \u00a0\u00a0confirmaram as presen\u00e7as em Chapad\u00e3o do Sul neste s\u00e1bado. A viagem \u00e9 institucional porque sempre participaram com emendas para Chapad\u00e3o do Sul e pol\u00edtica pelo apoio \u00e0s pr\u00e9-candidaturas de Walter Schlatter (PMDB) e \u00a0Claudiomar Bocalan (PSC). Eles se reunir\u00e3o no [&hellip;]<\/p>\n","protected":false},"author":4,"featured_media":32131,"comment_status":"closed","ping_status":"closed","sticky":false,"template":"","format":"standard","meta":{"footnotes":""},"categories":[23],"tags":[],"class_list":["post-32130","post","type-post","status-publish","format-standard","has-post-thumbnail","hentry","category-chapadao-do-sul"],"_links":{"self":[{"href":"https:\/\/www.ocorreionews.com.br\/acervo-correio\/index.php?rest_route=\/wp\/v2\/posts\/32130","targetHints":{"allow":["GET"]}}],"collection":[{"href":"https:\/\/www.ocorreionews.com.br\/acervo-correio\/index.php?rest_route=\/wp\/v2\/posts"}],"about":[{"href":"https:\/\/www.ocorreionews.com.br\/acervo-correio\/index.php?rest_route=\/wp\/v2\/types\/post"}],"author":[{"embeddable":true,"href":"https:\/\/www.ocorreionews.com.br\/acervo-correio\/index.php?rest_route=\/wp\/v2\/users\/4"}],"replies":[{"embeddable":true,"href":"https:\/\/www.ocorreionews.com.br\/acervo-correio\/index.php?rest_route=%2Fwp%2Fv2%2Fcomments&post=32130"}],"version-history":[{"count":0,"href":"https:\/\/www.ocorreionews.com.br\/acervo-correio\/index.php?rest_route=\/wp\/v2\/posts\/32130\/revisions"}],"wp:featuredmedia":[{"embeddable":true,"href":"https:\/\/www.ocorreionews.com.br\/acervo-correio\/index.php?rest_route=\/wp\/v2\/media\/32131"}],"wp:attachment":[{"href":"https:\/\/www.ocorreionews.com.br\/acervo-correio\/index.php?rest_route=%2Fwp%2Fv2%2Fmedia&parent=32130"}],"wp:term":[{"taxonomy":"category","embeddable":true,"href":"https:\/\/www.ocorreionews.com.br\/acervo-correio\/index.php?rest_route=%2Fwp%2Fv2%2Fcategories&post=32130"},{"taxonomy":"post_tag","embeddable":true,"href":"https:\/\/www.ocorreionews.com.br\/acervo-correio\/index.php?rest_route=%2Fwp%2Fv2%2Ftags&post=32130"}],"curies":[{"name":"wp","href":"https:\/\/api.w.org\/{rel}","templated":true}]}}