{"id":32134,"date":"2016-07-24T07:47:11","date_gmt":"2016-07-24T11:47:11","guid":{"rendered":"https:\/\/ocorreionews.com.br\/?p=32134"},"modified":"2016-07-24T07:47:11","modified_gmt":"2016-07-24T11:47:11","slug":"identificada-as-seis-vitimas-do-acidente-na-ms-157","status":"publish","type":"post","link":"https:\/\/www.ocorreionews.com.br\/acervo-correio\/?p=32134","title":{"rendered":"Identificada as seis v\u00edtimas do acidente na MS-157"},"content":{"rendered":"<div class=\" box100 fl  mgr20\">\n<p>A Pol\u00edcia Civil de Itapor\u00e3 identificou na noite deste s\u00e1bado (23), as seis v\u00edtimas do acidente na MS-157 pr\u00f3ximo ao distrito de Carumb\u00e9, sendo duas v\u00edtimas fatais, uma menor em estado grave e tr\u00eas senhores com ferimentos leves.<\/p>\n<p>O ve\u00edculo Fiat\/Uno, era conduzido por Sebasti\u00e3o Veloso de Oliveira, de 37 anos e tinha como acompanhante a esposa Cleonice Cabral de Oliveira, de 36 anos, ambos tiveram morte instant\u00e2nea. Ainda no ve\u00edculo havia a menor Merilin Cabral Veloso, de 14 anos, internada no Hospital da Vida em estado grave.<\/p>\n<p>J\u00e1 o ve\u00edculo Mitsubishi\/Pajero, era conduzido por Edilson Vicente da Silva, de 57 anos, e tinha como acompanhante Edalvio Costa Jandre, de 62 anos e Fl\u00e1vio Jos\u00e9 Santos de Almeida, de 38 anos, todos com ferimentos leves.<\/p>\n<p>Segundo informa\u00e7\u00f5es de uma das v\u00edtimas que foi atendido no Hospital de Itapor\u00e3, os ocupantes da Pajero vinham de Campo Grande com destino a Dourados, onde participariam de um culto religioso, quando em dado momento o condutor do ve\u00edculo Uno perdeu o controle ao passar por um locar onde o asfalto est\u00e1 destru\u00eddo, onde houve a colis\u00e3o frontal.<\/p>\n<p><strong>Entenda melhor o caso<\/strong><\/p>\n<p>Um acidente automobil\u00edstico foi registrado na tarde deste s\u00e1bado (23), deixando dos mortos e quatro feridos. O fato aconteceu na Rodovia MS-157 pr\u00f3ximo ao distrito de Carumb\u00e9, entre Itapor\u00e3 e Maracaju.<\/p>\n<p>Ao passar por um trecho danificado h\u00e1 meses na rodovia, e sem sinaliza\u00e7\u00e3o, o condutor do ve\u00edculo Fiat\/Uno, de cor banca, placas HSA-0972, perdeu o controle onde houve colis\u00e3o frontal com a Mitsubishi\/Pajero, de cor prata, placas HTD-2504 ambos de Campo Grande.<\/p>\n<p>Com a viol\u00eancia do impacto, os dois ocupantes do Uno morreram na hora com m\u00faltiplas fraturas pelo corpo. J\u00e1 uma terceira vitima foi socorrida para o Hospital de Itapor\u00e3 e posteriormente transferida para o Hospital da Vida de Dourados, em estado grave.<\/p>\n<p>Dos ocupantes da Pajero, dois foram conduzidos at\u00e9 o Hospital de Itapor\u00e3 e um terceiro foi socorrido por uma equipe dos Bombeiros, sendo conduzido para Dourados.<\/p>\n<p>Segundo usu\u00e1rio da Rodovia e moradores do distrito de Carumb\u00e9, o acidente ocorreu devido \u00e0 inefici\u00eancia da Agesul, pois no local o asfalto est\u00e1 destru\u00eddo e sem sinaliza\u00e7\u00e3o, e h\u00e1 meses veem solicitando a recupera\u00e7\u00e3o da rodovia por parte do Governo do Estado.<\/p>\n<p><a href=\"https:\/\/ocorreionews.com.br\/wp-content\/uploads\/2016\/07\/359110826_acid_carumbe_006.jpg\"><img loading=\"lazy\" decoding=\"async\" class=\"alignnone size-medium wp-image-32135\" src=\"https:\/\/ocorreionews.com.br\/wp-content\/uploads\/2016\/07\/359110826_acid_carumbe_006-300x176.jpg\" alt=\"359110826_acid_carumbe_006\" width=\"300\" height=\"176\" srcset=\"https:\/\/www.ocorreionews.com.br\/acervo-correio\/wp-content\/uploads\/2016\/07\/359110826_acid_carumbe_006-300x176.jpg 300w, https:\/\/www.ocorreionews.com.br\/acervo-correio\/wp-content\/uploads\/2016\/07\/359110826_acid_carumbe_006-240x140.jpg 240w, https:\/\/www.ocorreionews.com.br\/acervo-correio\/wp-content\/uploads\/2016\/07\/359110826_acid_carumbe_006.jpg 720w\" sizes=\"auto, (max-width: 300px) 100vw, 300px\" \/><\/a> <a href=\"https:\/\/ocorreionews.com.br\/wp-content\/uploads\/2016\/07\/359110826_acid_carumbe_009.jpg\"><img loading=\"lazy\" decoding=\"async\" class=\"alignnone size-medium wp-image-32136\" src=\"https:\/\/ocorreionews.com.br\/wp-content\/uploads\/2016\/07\/359110826_acid_carumbe_009-300x176.jpg\" alt=\"359110826_acid_carumbe_009\" width=\"300\" height=\"176\" srcset=\"https:\/\/www.ocorreionews.com.br\/acervo-correio\/wp-content\/uploads\/2016\/07\/359110826_acid_carumbe_009-300x176.jpg 300w, https:\/\/www.ocorreionews.com.br\/acervo-correio\/wp-content\/uploads\/2016\/07\/359110826_acid_carumbe_009-240x140.jpg 240w, https:\/\/www.ocorreionews.com.br\/acervo-correio\/wp-content\/uploads\/2016\/07\/359110826_acid_carumbe_009.jpg 720w\" sizes=\"auto, (max-width: 300px) 100vw, 300px\" \/><\/a> <a href=\"https:\/\/ocorreionews.com.br\/wp-content\/uploads\/2016\/07\/359110826_acid_carumbe_010.jpg\"><img loading=\"lazy\" decoding=\"async\" class=\"alignnone size-medium wp-image-32137\" src=\"https:\/\/ocorreionews.com.br\/wp-content\/uploads\/2016\/07\/359110826_acid_carumbe_010-300x174.jpg\" alt=\"359110826_acid_carumbe_010\" width=\"300\" height=\"174\" srcset=\"https:\/\/www.ocorreionews.com.br\/acervo-correio\/wp-content\/uploads\/2016\/07\/359110826_acid_carumbe_010-300x174.jpg 300w, https:\/\/www.ocorreionews.com.br\/acervo-correio\/wp-content\/uploads\/2016\/07\/359110826_acid_carumbe_010-240x140.jpg 240w, https:\/\/www.ocorreionews.com.br\/acervo-correio\/wp-content\/uploads\/2016\/07\/359110826_acid_carumbe_010.jpg 720w\" sizes=\"auto, (max-width: 300px) 100vw, 300px\" \/><\/a> <a href=\"https:\/\/ocorreionews.com.br\/wp-content\/uploads\/2016\/07\/359110826_acid_carumbe_021.jpg\"><img loading=\"lazy\" decoding=\"async\" class=\"alignnone size-medium wp-image-32138\" src=\"https:\/\/ocorreionews.com.br\/wp-content\/uploads\/2016\/07\/359110826_acid_carumbe_021-300x174.jpg\" alt=\"359110826_acid_carumbe_021\" width=\"300\" height=\"174\" srcset=\"https:\/\/www.ocorreionews.com.br\/acervo-correio\/wp-content\/uploads\/2016\/07\/359110826_acid_carumbe_021-300x174.jpg 300w, https:\/\/www.ocorreionews.com.br\/acervo-correio\/wp-content\/uploads\/2016\/07\/359110826_acid_carumbe_021-240x140.jpg 240w, https:\/\/www.ocorreionews.com.br\/acervo-correio\/wp-content\/uploads\/2016\/07\/359110826_acid_carumbe_021.jpg 720w\" sizes=\"auto, (max-width: 300px) 100vw, 300px\" \/><\/a> <a href=\"https:\/\/ocorreionews.com.br\/wp-content\/uploads\/2016\/07\/359110826_acid_carumbe_031.jpg\"><img loading=\"lazy\" decoding=\"async\" class=\"alignnone size-medium wp-image-32139\" src=\"https:\/\/ocorreionews.com.br\/wp-content\/uploads\/2016\/07\/359110826_acid_carumbe_031-300x176.jpg\" alt=\"359110826_acid_carumbe_031\" width=\"300\" height=\"176\" srcset=\"https:\/\/www.ocorreionews.com.br\/acervo-correio\/wp-content\/uploads\/2016\/07\/359110826_acid_carumbe_031-300x176.jpg 300w, https:\/\/www.ocorreionews.com.br\/acervo-correio\/wp-content\/uploads\/2016\/07\/359110826_acid_carumbe_031-240x140.jpg 240w, https:\/\/www.ocorreionews.com.br\/acervo-correio\/wp-content\/uploads\/2016\/07\/359110826_acid_carumbe_031.jpg 709w\" sizes=\"auto, (max-width: 300px) 100vw, 300px\" \/><\/a> <a href=\"https:\/\/ocorreionews.com.br\/wp-content\/uploads\/2016\/07\/359117141_IMG5359.jpg\"><img loading=\"lazy\" decoding=\"async\" class=\"alignnone size-medium wp-image-32140\" src=\"https:\/\/ocorreionews.com.br\/wp-content\/uploads\/2016\/07\/359117141_IMG5359-300x200.jpg\" alt=\"359117141_IMG5359\" width=\"300\" height=\"200\" srcset=\"https:\/\/www.ocorreionews.com.br\/acervo-correio\/wp-content\/uploads\/2016\/07\/359117141_IMG5359-300x200.jpg 300w, https:\/\/www.ocorreionews.com.br\/acervo-correio\/wp-content\/uploads\/2016\/07\/359117141_IMG5359.jpg 725w\" sizes=\"auto, (max-width: 300px) 100vw, 300px\" \/><\/a><\/p>\n<p>Ferrarinews<\/p>\n<p>&nbsp;<\/p>\n<p><a href=\"http:\/\/www.ferrarinews.com.br\/userfiles\/imagens\/galerias\/acidente-proximo-ao-carumbe-deixa-dois-mortos-e-um-ferido\/359110826_acid_carumbe_031.jpg\" rel=\"galeria_noticias\">\u00a0<\/a><\/div>\n","protected":false},"excerpt":{"rendered":"<p>A Pol\u00edcia Civil de Itapor\u00e3 identificou na noite deste s\u00e1bado (23), as seis v\u00edtimas do acidente na MS-157 pr\u00f3ximo ao distrito de Carumb\u00e9, sendo duas v\u00edtimas fatais, uma menor em estado grave e tr\u00eas senhores com ferimentos leves. O ve\u00edculo Fiat\/Uno, era conduzido por Sebasti\u00e3o Veloso de Oliveira, de 37 anos e tinha como acompanhante [&hellip;]<\/p>\n","protected":false},"author":4,"featured_media":32135,"comment_status":"closed","ping_status":"closed","sticky":false,"template":"","format":"standard","meta":{"footnotes":""},"categories":[38],"tags":[],"class_list":["post-32134","post","type-post","status-publish","format-standard","has-post-thumbnail","hentry","category-policia"],"_links":{"self":[{"href":"https:\/\/www.ocorreionews.com.br\/acervo-correio\/index.php?rest_route=\/wp\/v2\/posts\/32134","targetHints":{"allow":["GET"]}}],"collection":[{"href":"https:\/\/www.ocorreionews.com.br\/acervo-correio\/index.php?rest_route=\/wp\/v2\/posts"}],"about":[{"href":"https:\/\/www.ocorreionews.com.br\/acervo-correio\/index.php?rest_route=\/wp\/v2\/types\/post"}],"author":[{"embeddable":true,"href":"https:\/\/www.ocorreionews.com.br\/acervo-correio\/index.php?rest_route=\/wp\/v2\/users\/4"}],"replies":[{"embeddable":true,"href":"https:\/\/www.ocorreionews.com.br\/acervo-correio\/index.php?rest_route=%2Fwp%2Fv2%2Fcomments&post=32134"}],"version-history":[{"count":0,"href":"https:\/\/www.ocorreionews.com.br\/acervo-correio\/index.php?rest_route=\/wp\/v2\/posts\/32134\/revisions"}],"wp:featuredmedia":[{"embeddable":true,"href":"https:\/\/www.ocorreionews.com.br\/acervo-correio\/index.php?rest_route=\/wp\/v2\/media\/32135"}],"wp:attachment":[{"href":"https:\/\/www.ocorreionews.com.br\/acervo-correio\/index.php?rest_route=%2Fwp%2Fv2%2Fmedia&parent=32134"}],"wp:term":[{"taxonomy":"category","embeddable":true,"href":"https:\/\/www.ocorreionews.com.br\/acervo-correio\/index.php?rest_route=%2Fwp%2Fv2%2Fcategories&post=32134"},{"taxonomy":"post_tag","embeddable":true,"href":"https:\/\/www.ocorreionews.com.br\/acervo-correio\/index.php?rest_route=%2Fwp%2Fv2%2Ftags&post=32134"}],"curies":[{"name":"wp","href":"https:\/\/api.w.org\/{rel}","templated":true}]}}