{"id":32205,"date":"2016-07-25T08:12:21","date_gmt":"2016-07-25T12:12:21","guid":{"rendered":"https:\/\/ocorreionews.com.br\/?p=32205"},"modified":"2016-07-25T08:19:20","modified_gmt":"2016-07-25T12:19:20","slug":"candidatos-a-prefeitos-de-chapadao-nao-poderao-gastar-mais-de-r-146-mil-reais","status":"publish","type":"post","link":"https:\/\/www.ocorreionews.com.br\/acervo-correio\/?p=32205","title":{"rendered":"Candidatos a prefeitos de Chapad\u00e3o n\u00e3o poder\u00e3o gastar mais de R$ 146 mil reais"},"content":{"rendered":"<p>Os candidatos a prefeito de Chapad\u00e3o do Sul, Jo\u00e3o Carlos Krug e Walter Schlatter, cujos nomes dever\u00e3o ser confirmados at\u00e9 o pr\u00f3ximo dia 05, poder\u00e3o gastar apenas R$ 146.348,17 (cada) durante a campanha eleitoral.<\/p>\n<p>Os candidatos a vereadores de Chapad\u00e3o do Sul v\u00e3o poder gastar R$ 142.134,69 (cada). O limite de gasto \u00e9 imposto pelo TSE (Tribunal Superior Eleitoral), conforme previs\u00e3o na Lei das Elei\u00e7\u00f5es (Lei n\u00ba 9.504\/97). Os valores divulgados pela Justi\u00e7a Eleitoral foram apurados considerando aqueles efetivamente declarados na presta\u00e7\u00e3o de contas da campanha eleitoral de 2012.<\/p>\n<p>Em caso de den\u00fancia, que um ou outro candidato, tenha gastos superiores, ao que determina a Lei, este poder\u00e1 at\u00e9 mesmo perder o cargo, caso seja comprovado a fraude.<\/p>\n","protected":false},"excerpt":{"rendered":"<p>Os candidatos a prefeito de Chapad\u00e3o do Sul, Jo\u00e3o Carlos Krug e Walter Schlatter, cujos nomes dever\u00e3o ser confirmados at\u00e9 o pr\u00f3ximo dia 05, poder\u00e3o gastar apenas R$ 146.348,17 (cada) durante a campanha eleitoral. Os candidatos a vereadores de Chapad\u00e3o do Sul v\u00e3o poder gastar R$ 142.134,69 (cada). O limite de gasto \u00e9 imposto pelo [&hellip;]<\/p>\n","protected":false},"author":4,"featured_media":32206,"comment_status":"closed","ping_status":"closed","sticky":false,"template":"","format":"standard","meta":{"footnotes":""},"categories":[23,37],"tags":[],"class_list":["post-32205","post","type-post","status-publish","format-standard","has-post-thumbnail","hentry","category-chapadao-do-sul","category-politica"],"_links":{"self":[{"href":"https:\/\/www.ocorreionews.com.br\/acervo-correio\/index.php?rest_route=\/wp\/v2\/posts\/32205","targetHints":{"allow":["GET"]}}],"collection":[{"href":"https:\/\/www.ocorreionews.com.br\/acervo-correio\/index.php?rest_route=\/wp\/v2\/posts"}],"about":[{"href":"https:\/\/www.ocorreionews.com.br\/acervo-correio\/index.php?rest_route=\/wp\/v2\/types\/post"}],"author":[{"embeddable":true,"href":"https:\/\/www.ocorreionews.com.br\/acervo-correio\/index.php?rest_route=\/wp\/v2\/users\/4"}],"replies":[{"embeddable":true,"href":"https:\/\/www.ocorreionews.com.br\/acervo-correio\/index.php?rest_route=%2Fwp%2Fv2%2Fcomments&post=32205"}],"version-history":[{"count":0,"href":"https:\/\/www.ocorreionews.com.br\/acervo-correio\/index.php?rest_route=\/wp\/v2\/posts\/32205\/revisions"}],"wp:featuredmedia":[{"embeddable":true,"href":"https:\/\/www.ocorreionews.com.br\/acervo-correio\/index.php?rest_route=\/wp\/v2\/media\/32206"}],"wp:attachment":[{"href":"https:\/\/www.ocorreionews.com.br\/acervo-correio\/index.php?rest_route=%2Fwp%2Fv2%2Fmedia&parent=32205"}],"wp:term":[{"taxonomy":"category","embeddable":true,"href":"https:\/\/www.ocorreionews.com.br\/acervo-correio\/index.php?rest_route=%2Fwp%2Fv2%2Fcategories&post=32205"},{"taxonomy":"post_tag","embeddable":true,"href":"https:\/\/www.ocorreionews.com.br\/acervo-correio\/index.php?rest_route=%2Fwp%2Fv2%2Ftags&post=32205"}],"curies":[{"name":"wp","href":"https:\/\/api.w.org\/{rel}","templated":true}]}}