{"id":32265,"date":"2016-07-26T07:54:31","date_gmt":"2016-07-26T11:54:31","guid":{"rendered":"https:\/\/ocorreionews.com.br\/?p=32265"},"modified":"2016-07-26T07:54:31","modified_gmt":"2016-07-26T11:54:31","slug":"pmdb-fica-fora-da-disputa-por-prefeitura-da-capital-pela-1a-vez-na-historia-de-ms","status":"publish","type":"post","link":"https:\/\/www.ocorreionews.com.br\/acervo-correio\/?p=32265","title":{"rendered":"PMDB fica fora da disputa por Prefeitura da Capital pela 1\u00aa vez na hist\u00f3ria de MS"},"content":{"rendered":"<div class=\"content\">\n<div class=\"field field-name-body field-type-text-with-summary field-label-hidden\">\n<div class=\"field-items\">\n<div class=\"field-item even\">\n<p style=\"text-align: justify;\">Pela primeira vez na hist\u00f3ria de Mato Grosso do Sul, desde a lei que transformou Campo Grande em Capital,\u00a0o PMDB n\u00e3o vai lan\u00e7ar candidatura pr\u00f3pria \u00e0 Prefeitura da cidade. A decis\u00e3o foi tomada em reuni\u00e3o nesta segunda-feira (25), depois de v\u00e1rios nomes do partido, incluindo o ex-governador do Estado Andr\u00e9 Puccinelli, se negarem disputar o cargo. A sigla vai investir somente em chapa proporcional pura, ou seja, ter\u00e1 somente nomes \u00e0 C\u00e2mara Municipal, sendo que o intuito \u00e9 reeleger quatro legisladores e eleger outros dois.<\/p>\n<p style=\"text-align: justify;\">De acordo com o presidente municipal, Ulisses Rocha, depois da recusa de Puccinelli alegando quest\u00f5es pessoais, os senadores Waldemir Moka e Simone Tebet, o deputado federal Carlos Marun e a ex-secret\u00e1ria Estadual de Assist\u00eancia Social\u00a0T\u00e2nia Garib elencaram motivos para n\u00e3o concorrem \u00e0 Prefeitura pelo partido. A decis\u00e3o deve ser oficializada durante conven\u00e7\u00e3o partid\u00e1ria marcada para o pr\u00f3ximo dia 5.<\/p>\n<p style=\"text-align: justify;\">Os candidatos a vereador ter\u00e3o liberdade para apoiarem os nomes que est\u00e3o na disputa pelo cargo de prefeito, contudo o PMDB n\u00e3o vai fechar parceria com nenhuma legenda oficialmente. \u201cVai da consci\u00eancia de cada um\u201d, resumiu Ulisses. Marun disse que recebeu a not\u00edcia com tristeza e para mudar isso poderia \u201cbater na mesa da sala de reuni\u00e3o\u201d e falar que topa o desafio, mas n\u00e3o \u00e9 isso que deseja por estar bem no primeiro mandato que cumpre na C\u00e2mara Federal.<\/p>\n<div id=\"view-mm-noticias-saiba-mais-view-display-id-saiba_mais_right_block\" class=\"view view-mm-noticias-saiba-mais view-id-mm_noticias_saiba_mais view-display-id-saiba_mais_right_block saiba-mais-right view-dom-id-dc835a129a0b6532949f83a6620eba2a\" style=\"text-align: justify;\">\n<div class=\"view-header\">Saiba Mais<\/div>\n<div class=\"view-content\">\n<div class=\"views-row views-row-1 views-row-odd views-row-first\">\n<div class=\"views-field views-field-title\"><span class=\"field-content\"><a href=\"http:\/\/www.midiamax.com.br\/politica\/quase-19-milhao-vao-escolher-prefeitos-este-ano-ms-595-mil-capital-309234\">Quase 1,9 milh\u00e3o vai escolher prefeitos este ano em MS; 595 mil na Capital<\/a><\/span><\/div>\n<\/div>\n<div class=\"views-row views-row-2 views-row-even\">\n<div class=\"views-field views-field-title\"><span class=\"field-content\"><a href=\"http:\/\/www.midiamax.com.br\/politica\/pt-realiza-encontro-municipal-discutir-rumos-partido-nestas-eleicoes-309217\">PT realiza Encontro Municipal para discutir rumos do partido nestas elei\u00e7\u00f5es<\/a><\/span><\/div>\n<\/div>\n<div class=\"views-row views-row-3 views-row-odd views-row-last\">\n<div class=\"views-field views-field-title\"><span class=\"field-content\"><a href=\"http:\/\/www.midiamax.com.br\/politica\/campo-grande-ja-tem-dois-candidatos-prefeito-sucessao-alcides-bernal-309200\">Campo Grande j\u00e1 tem dois candidatos a prefeito para sucess\u00e3o de Bernal<\/a><\/span><\/div>\n<\/div>\n<\/div>\n<\/div>\n<p style=\"text-align: justify;\">At\u00e9 2012, o PMDB esteve \u00e0 frente da gest\u00e3o em Campo Grande. Andr\u00e9 Puccinelli, antes de ser governador, foi prefeito por dois mandatos, seguido por Nelson Trad Filho que ficou outros oito anos no comando da Capital. Na \u00faltima elei\u00e7\u00e3o municipal o ent\u00e3o deputado federal Edson Giroto, hoje no PR, tentou a sucess\u00e3o de Nelsinho, mas foi derrotado no segundo turno por Alcides Bernal (PP).<\/p>\n<p style=\"text-align: justify;\">Em 2014 a legenda novamente perdeu. Desta vez Nelsinho ficou em terceiro lugar nas urnas quando tentou o governo do Estado. Nos \u00faltimos meses, duas investiga\u00e7\u00f5es atingiram o PMDB. Opera\u00e7\u00e3o Lama Asf\u00e1ltica, que apura contratos irregulares entre empreiteiras e o poder p\u00fablico, al\u00e9m da Coffee Break. Esta trata da cassa\u00e7\u00e3o de Bernal, ocorrida em mar\u00e7o de 2014. Por conta dela o partido perdeu a presid\u00eancia da C\u00e2mara Municipal.<\/p>\n<p style=\"text-align: justify;\">Isso porque Mario Cesar (PMDB) ficou afastado por tr\u00eas meses para n\u00e3o atrapalhar as investiga\u00e7\u00f5es. Quando conseguiu retornar \u00e0 Casa de Leis, por meio de liminar, renunciou \u00e0 fun\u00e7\u00e3o na mesa diretora.<\/p>\n<p style=\"text-align: justify;\"><strong>Mem\u00f3ria<\/strong> &#8211; \u00c9 imposs\u00edvel falar do comando da Prefeitura de Campo Grande sem passar pela hist\u00f3ria do PMDB. Ainda em sua fase de MDB, a legenda teve Pl\u00ednio Barbosa Martins como prefeito, em 1970. Nos mandatos seguintes, o poder esteve com a Arena e o PDS, sucessor da legenda. Em 1983, o PMDB teve dois prefeitos, primeiro Nelly Bacha e depois L\u00fadio Coelho, que entregou o cargo a Juv\u00eancio C\u00e9sar da Fonseca. Em 1988, o pr\u00f3prio L\u00fadio venceu, mas por outra legenda, o PTB, vencendo Pl\u00ednio Martins Coelho (PMDB).<\/p>\n<p style=\"text-align: justify;\">Em 1992, o PMDB retomou o poder na Capital, com Juvencio C\u00e9sar da Fonseca, que entregou o cargo para outro integrante da legenda, Andr\u00e9 Puccinelli. O m\u00e9dico fez dois mandatos e elegeu como sucessor Nelson Trad Filho, que tamb\u00e9m governou por duas vezes. Em 2012, o ciclo se rompeu, com Edson Giroto sendo derrotado por Alcides Bernal, do PP. Este ano, o PMDB tinha Andr\u00e9 Puccinelli novamente como nome mais forte, mas ele desistiu de sair candidato.<\/p>\n<p style=\"text-align: justify;\"><span class=\"author\">J\u00e9ssica Benitez, Alexandro Barboza e Marta Ferreira<\/span><\/p>\n<div class=\"field field-name-field-addthis field-type-addthis field-label-hidden\">\u00a0\u00a0 midiamax<\/div>\n<div class=\"field field-name-field-addthis field-type-addthis field-label-hidden\"><\/div>\n<\/div>\n<\/div>\n<\/div>\n<\/div>\n","protected":false},"excerpt":{"rendered":"<p>Pela primeira vez na hist\u00f3ria de Mato Grosso do Sul, desde a lei que transformou Campo Grande em Capital,\u00a0o PMDB n\u00e3o vai lan\u00e7ar candidatura pr\u00f3pria \u00e0 Prefeitura da cidade. A decis\u00e3o foi tomada em reuni\u00e3o nesta segunda-feira (25), depois de v\u00e1rios nomes do partido, incluindo o ex-governador do Estado Andr\u00e9 Puccinelli, se negarem disputar o [&hellip;]<\/p>\n","protected":false},"author":4,"featured_media":32266,"comment_status":"closed","ping_status":"closed","sticky":false,"template":"","format":"standard","meta":{"footnotes":""},"categories":[37],"tags":[],"class_list":["post-32265","post","type-post","status-publish","format-standard","has-post-thumbnail","hentry","category-politica"],"_links":{"self":[{"href":"https:\/\/www.ocorreionews.com.br\/acervo-correio\/index.php?rest_route=\/wp\/v2\/posts\/32265","targetHints":{"allow":["GET"]}}],"collection":[{"href":"https:\/\/www.ocorreionews.com.br\/acervo-correio\/index.php?rest_route=\/wp\/v2\/posts"}],"about":[{"href":"https:\/\/www.ocorreionews.com.br\/acervo-correio\/index.php?rest_route=\/wp\/v2\/types\/post"}],"author":[{"embeddable":true,"href":"https:\/\/www.ocorreionews.com.br\/acervo-correio\/index.php?rest_route=\/wp\/v2\/users\/4"}],"replies":[{"embeddable":true,"href":"https:\/\/www.ocorreionews.com.br\/acervo-correio\/index.php?rest_route=%2Fwp%2Fv2%2Fcomments&post=32265"}],"version-history":[{"count":0,"href":"https:\/\/www.ocorreionews.com.br\/acervo-correio\/index.php?rest_route=\/wp\/v2\/posts\/32265\/revisions"}],"wp:featuredmedia":[{"embeddable":true,"href":"https:\/\/www.ocorreionews.com.br\/acervo-correio\/index.php?rest_route=\/wp\/v2\/media\/32266"}],"wp:attachment":[{"href":"https:\/\/www.ocorreionews.com.br\/acervo-correio\/index.php?rest_route=%2Fwp%2Fv2%2Fmedia&parent=32265"}],"wp:term":[{"taxonomy":"category","embeddable":true,"href":"https:\/\/www.ocorreionews.com.br\/acervo-correio\/index.php?rest_route=%2Fwp%2Fv2%2Fcategories&post=32265"},{"taxonomy":"post_tag","embeddable":true,"href":"https:\/\/www.ocorreionews.com.br\/acervo-correio\/index.php?rest_route=%2Fwp%2Fv2%2Ftags&post=32265"}],"curies":[{"name":"wp","href":"https:\/\/api.w.org\/{rel}","templated":true}]}}