{"id":32276,"date":"2016-07-26T09:51:11","date_gmt":"2016-07-26T13:51:11","guid":{"rendered":"https:\/\/ocorreionews.com.br\/?p=32276"},"modified":"2016-07-26T09:51:11","modified_gmt":"2016-07-26T13:51:11","slug":"estudantes-da-rede-estadual-de-ensino-voltam-as-aulas-nesta-terca-feira","status":"publish","type":"post","link":"https:\/\/www.ocorreionews.com.br\/acervo-correio\/?p=32276","title":{"rendered":"Estudantes da Rede Estadual de Ensino voltam \u00e0s aulas nesta ter\u00e7a-feira"},"content":{"rendered":"<p>esta ter\u00e7a-feira (26), os 270 mil estudantes da Rede Estadual de Ensino voltar\u00e3o \u00e0s aulas nas 365 escolas estaduais de Mato Grosso do Sul. Em 2016, o calend\u00e1rio escolar conta com 204 dias, sendo 200 dias letivos e 4 dias de exames finais e o ano letivo termina em 15 de dezembro.<\/p>\n<p>Para o cumprimento dos 200 dias, a comunidade escolar participa ao longo do ano de 11 s\u00e1bados letivos. No segundo semestre, estes momentos acontecem nas seguintes datas: 6\/8, fam\u00edlia na escola; 20\/8, forma\u00e7\u00e3o continuada; 24\/9, conselho de classe; 22\/10, forma\u00e7\u00e3o continuada; 5\/11, fam\u00edlia na escola; e 10\/12, conselho de classe.<\/p>\n<p>O calend\u00e1rio escolar de 2016 est\u00e1 dispon\u00edvel nas p\u00e1ginas <a href=\"http:\/\/www.spdo.ms.gov.br\/diariodoe\/Index\/Download\/42321\">30 e 31 do Di\u00e1rio Oficial do Estado n. 9.099<\/a>, de 4 de fevereiro de 2016.<\/p>\n<p><em>SED<\/em><\/p>\n","protected":false},"excerpt":{"rendered":"<p>esta ter\u00e7a-feira (26), os 270 mil estudantes da Rede Estadual de Ensino voltar\u00e3o \u00e0s aulas nas 365 escolas estaduais de Mato Grosso do Sul. Em 2016, o calend\u00e1rio escolar conta com 204 dias, sendo 200 dias letivos e 4 dias de exames finais e o ano letivo termina em 15 de dezembro. Para o cumprimento [&hellip;]<\/p>\n","protected":false},"author":4,"featured_media":32277,"comment_status":"closed","ping_status":"closed","sticky":false,"template":"","format":"standard","meta":{"footnotes":""},"categories":[27],"tags":[],"class_list":["post-32276","post","type-post","status-publish","format-standard","has-post-thumbnail","hentry","category-educacao"],"_links":{"self":[{"href":"https:\/\/www.ocorreionews.com.br\/acervo-correio\/index.php?rest_route=\/wp\/v2\/posts\/32276","targetHints":{"allow":["GET"]}}],"collection":[{"href":"https:\/\/www.ocorreionews.com.br\/acervo-correio\/index.php?rest_route=\/wp\/v2\/posts"}],"about":[{"href":"https:\/\/www.ocorreionews.com.br\/acervo-correio\/index.php?rest_route=\/wp\/v2\/types\/post"}],"author":[{"embeddable":true,"href":"https:\/\/www.ocorreionews.com.br\/acervo-correio\/index.php?rest_route=\/wp\/v2\/users\/4"}],"replies":[{"embeddable":true,"href":"https:\/\/www.ocorreionews.com.br\/acervo-correio\/index.php?rest_route=%2Fwp%2Fv2%2Fcomments&post=32276"}],"version-history":[{"count":0,"href":"https:\/\/www.ocorreionews.com.br\/acervo-correio\/index.php?rest_route=\/wp\/v2\/posts\/32276\/revisions"}],"wp:featuredmedia":[{"embeddable":true,"href":"https:\/\/www.ocorreionews.com.br\/acervo-correio\/index.php?rest_route=\/wp\/v2\/media\/32277"}],"wp:attachment":[{"href":"https:\/\/www.ocorreionews.com.br\/acervo-correio\/index.php?rest_route=%2Fwp%2Fv2%2Fmedia&parent=32276"}],"wp:term":[{"taxonomy":"category","embeddable":true,"href":"https:\/\/www.ocorreionews.com.br\/acervo-correio\/index.php?rest_route=%2Fwp%2Fv2%2Fcategories&post=32276"},{"taxonomy":"post_tag","embeddable":true,"href":"https:\/\/www.ocorreionews.com.br\/acervo-correio\/index.php?rest_route=%2Fwp%2Fv2%2Ftags&post=32276"}],"curies":[{"name":"wp","href":"https:\/\/api.w.org\/{rel}","templated":true}]}}