{"id":32279,"date":"2016-07-26T09:53:59","date_gmt":"2016-07-26T13:53:59","guid":{"rendered":"https:\/\/ocorreionews.com.br\/?p=32279"},"modified":"2016-07-27T06:05:15","modified_gmt":"2016-07-27T10:05:15","slug":"paraiso-das-aguas-realiza-audiencia-publica-para-prestacao-de-contas","status":"publish","type":"post","link":"https:\/\/www.ocorreionews.com.br\/acervo-correio\/?p=32279","title":{"rendered":"Para\u00edso das \u00c1guas realiza Audi\u00eancia P\u00fablica para presta\u00e7\u00e3o de contas"},"content":{"rendered":"<p>O Prefeito Municipal e o Presidente da C\u00e2mara Municipal de Vereadores de Para\u00edso das \u00c1guas, Estado de Mato Grosso do Sul, no uso de suas atribui\u00e7\u00f5es legais, convoca os mun\u00edcipes para participarem da Audi\u00eancia P\u00fablica que ser\u00e1 realizada no dia 28 de julho de 2016, \u00e0s 08:00 horas na C\u00e2mara Municipal de Para\u00edso das \u00c1guas, localizado na Avenida Manoel Rodrigues da Cruz, 353, Centro, onde ser\u00e1 realizado a presta\u00e7\u00e3o de contas: do Relat\u00f3rio Resumido de Execu\u00e7\u00e3o Or\u00e7ament\u00e1ria do 1\u00ba ao 3\u00ba bimestre do exerc\u00edcio de 2016 e do Relat\u00f3rio de Gest\u00e3o Fiscal do 1\u00ba semestre do exerc\u00edcio de 2016 (Prefeitura Municipal, Autarquia, Fundos Municipais e C\u00e2mara Municipal), conforme determina o art. 48 da Lei n\u00ba 101\/2000-Lei de Responsabilidade Fiscal.<\/p>\n","protected":false},"excerpt":{"rendered":"<p>O Prefeito Municipal e o Presidente da C\u00e2mara Municipal de Vereadores de Para\u00edso das \u00c1guas, Estado de Mato Grosso do Sul, no uso de suas atribui\u00e7\u00f5es legais, convoca os mun\u00edcipes para participarem da Audi\u00eancia P\u00fablica que ser\u00e1 realizada no dia 28 de julho de 2016, \u00e0s 08:00 horas na C\u00e2mara Municipal de Para\u00edso das \u00c1guas, [&hellip;]<\/p>\n","protected":false},"author":4,"featured_media":13703,"comment_status":"closed","ping_status":"closed","sticky":false,"template":"","format":"standard","meta":{"footnotes":""},"categories":[36],"tags":[],"class_list":["post-32279","post","type-post","status-publish","format-standard","has-post-thumbnail","hentry","category-paraiso-das-aguas"],"_links":{"self":[{"href":"https:\/\/www.ocorreionews.com.br\/acervo-correio\/index.php?rest_route=\/wp\/v2\/posts\/32279","targetHints":{"allow":["GET"]}}],"collection":[{"href":"https:\/\/www.ocorreionews.com.br\/acervo-correio\/index.php?rest_route=\/wp\/v2\/posts"}],"about":[{"href":"https:\/\/www.ocorreionews.com.br\/acervo-correio\/index.php?rest_route=\/wp\/v2\/types\/post"}],"author":[{"embeddable":true,"href":"https:\/\/www.ocorreionews.com.br\/acervo-correio\/index.php?rest_route=\/wp\/v2\/users\/4"}],"replies":[{"embeddable":true,"href":"https:\/\/www.ocorreionews.com.br\/acervo-correio\/index.php?rest_route=%2Fwp%2Fv2%2Fcomments&post=32279"}],"version-history":[{"count":0,"href":"https:\/\/www.ocorreionews.com.br\/acervo-correio\/index.php?rest_route=\/wp\/v2\/posts\/32279\/revisions"}],"wp:featuredmedia":[{"embeddable":true,"href":"https:\/\/www.ocorreionews.com.br\/acervo-correio\/index.php?rest_route=\/wp\/v2\/media\/13703"}],"wp:attachment":[{"href":"https:\/\/www.ocorreionews.com.br\/acervo-correio\/index.php?rest_route=%2Fwp%2Fv2%2Fmedia&parent=32279"}],"wp:term":[{"taxonomy":"category","embeddable":true,"href":"https:\/\/www.ocorreionews.com.br\/acervo-correio\/index.php?rest_route=%2Fwp%2Fv2%2Fcategories&post=32279"},{"taxonomy":"post_tag","embeddable":true,"href":"https:\/\/www.ocorreionews.com.br\/acervo-correio\/index.php?rest_route=%2Fwp%2Fv2%2Ftags&post=32279"}],"curies":[{"name":"wp","href":"https:\/\/api.w.org\/{rel}","templated":true}]}}