{"id":32299,"date":"2016-07-26T15:46:30","date_gmt":"2016-07-26T19:46:30","guid":{"rendered":"https:\/\/ocorreionews.com.br\/?p=32299"},"modified":"2016-07-26T15:46:30","modified_gmt":"2016-07-26T19:46:30","slug":"leis-que-corrigem-distorcoes-salariais-beneficiam-mais-de-26-mil-servidores-de-31-categorias","status":"publish","type":"post","link":"https:\/\/www.ocorreionews.com.br\/acervo-correio\/?p=32299","title":{"rendered":"Leis que corrigem distor\u00e7\u00f5es salariais beneficiam mais de 26 mil servidores de 31 categorias"},"content":{"rendered":"<p>O governador Reinaldo Azambuja assinou nesta ter\u00e7a-feira (26) um conjunto de leis que corrige distor\u00e7\u00f5es salariais de 31 carreiras, beneficiando 26.830 servidores p\u00fablicos estaduais. S\u00e3o 12 leis e dois decretos de autoria do Governo Estadual, aprovados na Assembleia Legislativa e que ser\u00e3o publicados\u00a0no Di\u00e1rio Oficial do Estado da\u00a0quarta-feira (27).<\/p>\n<p>Na pr\u00e1tica, os planos de cargos e carreiras das 31 categorias tiveram melhorias e ajustes no sistema de remunera\u00e7\u00e3o e nos crit\u00e9rios de desenvolvimento funcional, com a corre\u00e7\u00e3o de distor\u00e7\u00f5es setoriais.\u00a0 \u201c\u00c9 resultado da pol\u00edtica de gest\u00e3o de pessoal que o Governo iniciou com o F\u00f3rum Dialoga. Essas leis fazem parte de um processo hist\u00f3rico que coloca em evid\u00eancia a valoriza\u00e7\u00e3o do servidor\u201d, disse Reinaldo. \u201cEsse governo tem o perfil do di\u00e1logo\u201d, afirmou durante seu pronunciamento.<\/p>\n<p>O presidente da Associa\u00e7\u00e3o dos Cabos e Soldados da Pol\u00edcia Militar e do Corpo de Bombeiros Militar de Mato Grosso do Sul, Edmar Soares da Silva, falou em nome dos servidores e tamb\u00e9m ressaltou o di\u00e1logo e o respeito do governo estadual durante as negocia\u00e7\u00f5es salariais. \u201cNenhum dos \u00faltimos governos fez em quatro anos o que o governador Reinaldo Azambuja fez durante um ano e meio de mandato\u201d, destacou durante seu discurso.<\/p>\n<p>Entre os beneficiados pela altera\u00e7\u00e3o no plano de cargos e carreiras est\u00e3o servidores das pol\u00edcias Civil e Militar, Corpo de Bombeiros, Agepen, Iagro, Funtrab, Procon e Agehab, al\u00e9m de funcion\u00e1rios das secretarias de Sa\u00fade (SES), de Fazenda (Sefaz), de Administra\u00e7\u00e3o e Desburocratiza\u00e7\u00e3o (SAD), de Governo e Gest\u00e3o Estrat\u00e9gica (Segov), de Produ\u00e7\u00e3o e Agricultura Familiar (Sepaf) e de Direitos Humanos, Assist\u00eancia Social e Trabalho (Sedhast).<u><\/u><u><\/u><\/p>\n<p>Conforme o titular da SAD, Carlos Alberto de Assis, que comandou as negocia\u00e7\u00f5es com os servidores junto com o secret\u00e1rio da Segov, Eduardo Riedel, as leis contemplam as demandas apresentadas pelas categorias e s\u00e3o resultados de extensas negocia\u00e7\u00f5es. \u201c\u00c9 apenas o in\u00edcio dessa constru\u00e7\u00e3o, mas j\u00e1 podemos contabilizar avan\u00e7os expressivos em 31 das 48 carreiras que comp\u00f5em o quadro funcional do Estado\u201d, afirmou Assis. \u201cEm agosto, iniciamos novas rodadas de conversas com as categorias que n\u00e3o foram contempladas\u201d, completou.<u><\/u><\/p>\n<p>Assis ainda lembrou que em mar\u00e7o deste ano foi concedido reajuste de 11,36% para os professores da Rede Estadual de Ensino (REE), colocando Mato Grosso do Sul em 1\u00ba lugar no ranking nacional do piso salarial da Educa\u00e7\u00e3o. Cerca de 16 mil professores foram beneficiados com o reajuste salarial.<u><\/u><u><\/u><\/p>\n<p>Al\u00e9m das negocia\u00e7\u00f5es pontuais com as diferentes categorias, o Governo Estadual tamb\u00e9m concedeu abonos, com \u00a0varia\u00e7\u00e3o entre R$100 e R$250 para aproximadamente 40 mil servidores. \u201cA pol\u00edtica de conceder reajuste maior para quem\u00a0tem menor sal\u00e1rio \u00e9 a pr\u00e1tica de dividir riquezas, fazendo justi\u00e7a com os menos favorecidos\u201d, disse Silva.\u00a0<u><\/u><\/p>\n<p><b>Corre\u00e7\u00f5es<\/b><\/p>\n<p>Em nove carreiras multidisciplinares foram\u00a0constru\u00eddos planos de cargos e carreiras transformando o sistema\u00a0remunerat\u00f3rio em subs\u00eddios, com a cria\u00e7\u00e3o de tabelas pr\u00f3prias para\u00a0os cargos caracterizando um avan\u00e7o significativo especialmente no\u00a0que se refere ao alinhamento na remunera\u00e7\u00e3o. A corre\u00e7\u00e3o atinge\u00a01.897 servidores das carreiras de Gest\u00e3o de Atividades de\u00a0Comunica\u00e7\u00e3o, Gest\u00e3o de Atividades Culturais, Gest\u00e3o de Atividades\u00a0Mercantis, Gest\u00e3o de Atividades Desportivas, Atividades de\u00a0Planejamento e Or\u00e7amento, Gest\u00e3o de A\u00e7\u00f5es de Desenvolvimento\u00a0Socioecon\u00f4mico, Apoio Fazend\u00e1rio, Servi\u00e7os Organizacionais e\u00a0Gest\u00e3o de Medidas\u00a0Socioeducativas.<\/p>\n<p>Entre as tabelas corrigidas est\u00e3o as da Pol\u00edcia Militar e do Corpo de Bombeiros, favorecendo 10.157 servidores com redu\u00e7\u00e3o da diferen\u00e7a remunerat\u00f3ria entre soldado, cabo, 1\u00ba, 2\u00ba, 3\u00ba sargento e subtenente em rela\u00e7\u00e3o ao coronel, entre outras medidas. J\u00e1 a nova legisla\u00e7\u00e3o para a carreira de Policial Civil atingiu 3.776 servidores, corrigindo o valor das tabelas de cargos e alinhando o quinqu\u00eanio de 5% para 10% entre as classes I e II para delegados.<u><\/u><u><\/u><\/p>\n<p>Para os servidores das carreiras de Gest\u00e3o do Sistema \u00danico de Sa\u00fade, Gest\u00e3o de Servi\u00e7os Hospitalares, Gest\u00e3o de Atividades de Tr\u00e2nsito e Gest\u00e3o de Tecnologia da Informa\u00e7\u00e3o, que recebem atrav\u00e9s de vencimento base, o benef\u00edcio ser\u00e1 atrav\u00e9s da corre\u00e7\u00e3o das distor\u00e7\u00f5es no valor das tabelas e atrav\u00e9s da amplia\u00e7\u00e3o das vagas para promo\u00e7\u00e3o. A nova legisla\u00e7\u00e3o atinge 4.668 servidores, a maioria na \u00e1rea da sa\u00fade.<\/p>\n<p><em>Bruno Chaves, da Subsecretaria de Comunica\u00e7\u00e3o do Governo do Estado | Fotos: Chico Ribeiro.<\/em><\/p>\n","protected":false},"excerpt":{"rendered":"<p>O governador Reinaldo Azambuja assinou nesta ter\u00e7a-feira (26) um conjunto de leis que corrige distor\u00e7\u00f5es salariais de 31 carreiras, beneficiando 26.830 servidores p\u00fablicos estaduais. S\u00e3o 12 leis e dois decretos de autoria do Governo Estadual, aprovados na Assembleia Legislativa e que ser\u00e3o publicados\u00a0no Di\u00e1rio Oficial do Estado da\u00a0quarta-feira (27). Na pr\u00e1tica, os planos de cargos [&hellip;]<\/p>\n","protected":false},"author":4,"featured_media":32300,"comment_status":"closed","ping_status":"closed","sticky":false,"template":"","format":"standard","meta":{"footnotes":""},"categories":[26,37],"tags":[],"class_list":["post-32299","post","type-post","status-publish","format-standard","has-post-thumbnail","hentry","category-economia","category-politica"],"_links":{"self":[{"href":"https:\/\/www.ocorreionews.com.br\/acervo-correio\/index.php?rest_route=\/wp\/v2\/posts\/32299","targetHints":{"allow":["GET"]}}],"collection":[{"href":"https:\/\/www.ocorreionews.com.br\/acervo-correio\/index.php?rest_route=\/wp\/v2\/posts"}],"about":[{"href":"https:\/\/www.ocorreionews.com.br\/acervo-correio\/index.php?rest_route=\/wp\/v2\/types\/post"}],"author":[{"embeddable":true,"href":"https:\/\/www.ocorreionews.com.br\/acervo-correio\/index.php?rest_route=\/wp\/v2\/users\/4"}],"replies":[{"embeddable":true,"href":"https:\/\/www.ocorreionews.com.br\/acervo-correio\/index.php?rest_route=%2Fwp%2Fv2%2Fcomments&post=32299"}],"version-history":[{"count":0,"href":"https:\/\/www.ocorreionews.com.br\/acervo-correio\/index.php?rest_route=\/wp\/v2\/posts\/32299\/revisions"}],"wp:featuredmedia":[{"embeddable":true,"href":"https:\/\/www.ocorreionews.com.br\/acervo-correio\/index.php?rest_route=\/wp\/v2\/media\/32300"}],"wp:attachment":[{"href":"https:\/\/www.ocorreionews.com.br\/acervo-correio\/index.php?rest_route=%2Fwp%2Fv2%2Fmedia&parent=32299"}],"wp:term":[{"taxonomy":"category","embeddable":true,"href":"https:\/\/www.ocorreionews.com.br\/acervo-correio\/index.php?rest_route=%2Fwp%2Fv2%2Fcategories&post=32299"},{"taxonomy":"post_tag","embeddable":true,"href":"https:\/\/www.ocorreionews.com.br\/acervo-correio\/index.php?rest_route=%2Fwp%2Fv2%2Ftags&post=32299"}],"curies":[{"name":"wp","href":"https:\/\/api.w.org\/{rel}","templated":true}]}}