{"id":32302,"date":"2016-07-26T15:53:31","date_gmt":"2016-07-26T19:53:31","guid":{"rendered":"https:\/\/ocorreionews.com.br\/?p=32302"},"modified":"2016-07-26T15:53:31","modified_gmt":"2016-07-26T19:53:31","slug":"homem-morre-eletrocutado-em-ato-pro-dilma-em-sergipe","status":"publish","type":"post","link":"https:\/\/www.ocorreionews.com.br\/acervo-correio\/?p=32302","title":{"rendered":"Homem morre eletrocutado em ato pr\u00f3-Dilma em Sergipe"},"content":{"rendered":"<p>Um homem morreu eletrocutado na tarde desta segunda-feira ap\u00f3s subir em um poste el\u00e9trico durante um ato pr\u00f3-Dilma na cidade de Aracaju, em Sergipe.<\/p>\n<p>A v\u00edtima despencou do alto do poste ap\u00f3s encostar um dos p\u00e9s nos fios de alta tens\u00e3o. Pessoas que participaram do ato chegaram a pedir para o homem, que se balan\u00e7ava entre os fios, descer. O acidente aconteceu na\u00a0pra\u00e7a General Valad\u00e3o, centro da capital sergipana, onde a presidente afastada Dilma Rousseff discursou pouco minutos\u00a0depois.<\/p>\n<p>O\u00a0Servi\u00e7o de Atendimento M\u00f3vel de Urg\u00eancia (Samu) j\u00e1 estava no local devido ao evento e prestou os primeiros atendimentos ao rapaz, que teve traumatismo craniano seguido de uma parada card\u00edaca.\u00a0Segundo a assessoria de imprensa do Hospital de Urg\u00eancias de Sergipe,\u00a0a v\u00edtima tem cerca de 25 anos e j\u00e1 chegou ao hospital sem vida. A identidade do rapaz permanece desconhecida.<\/p>\n<p>&nbsp;<\/p>\n<p>&nbsp;<\/p>\n<p>Veja.com<\/p>\n<p>&nbsp;<\/p>\n","protected":false},"excerpt":{"rendered":"<p>Um homem morreu eletrocutado na tarde desta segunda-feira ap\u00f3s subir em um poste el\u00e9trico durante um ato pr\u00f3-Dilma na cidade de Aracaju, em Sergipe. A v\u00edtima despencou do alto do poste ap\u00f3s encostar um dos p\u00e9s nos fios de alta tens\u00e3o. Pessoas que participaram do ato chegaram a pedir para o homem, que se balan\u00e7ava [&hellip;]<\/p>\n","protected":false},"author":4,"featured_media":32303,"comment_status":"closed","ping_status":"closed","sticky":false,"template":"","format":"standard","meta":{"footnotes":""},"categories":[38],"tags":[],"class_list":["post-32302","post","type-post","status-publish","format-standard","has-post-thumbnail","hentry","category-policia"],"_links":{"self":[{"href":"https:\/\/www.ocorreionews.com.br\/acervo-correio\/index.php?rest_route=\/wp\/v2\/posts\/32302","targetHints":{"allow":["GET"]}}],"collection":[{"href":"https:\/\/www.ocorreionews.com.br\/acervo-correio\/index.php?rest_route=\/wp\/v2\/posts"}],"about":[{"href":"https:\/\/www.ocorreionews.com.br\/acervo-correio\/index.php?rest_route=\/wp\/v2\/types\/post"}],"author":[{"embeddable":true,"href":"https:\/\/www.ocorreionews.com.br\/acervo-correio\/index.php?rest_route=\/wp\/v2\/users\/4"}],"replies":[{"embeddable":true,"href":"https:\/\/www.ocorreionews.com.br\/acervo-correio\/index.php?rest_route=%2Fwp%2Fv2%2Fcomments&post=32302"}],"version-history":[{"count":0,"href":"https:\/\/www.ocorreionews.com.br\/acervo-correio\/index.php?rest_route=\/wp\/v2\/posts\/32302\/revisions"}],"wp:featuredmedia":[{"embeddable":true,"href":"https:\/\/www.ocorreionews.com.br\/acervo-correio\/index.php?rest_route=\/wp\/v2\/media\/32303"}],"wp:attachment":[{"href":"https:\/\/www.ocorreionews.com.br\/acervo-correio\/index.php?rest_route=%2Fwp%2Fv2%2Fmedia&parent=32302"}],"wp:term":[{"taxonomy":"category","embeddable":true,"href":"https:\/\/www.ocorreionews.com.br\/acervo-correio\/index.php?rest_route=%2Fwp%2Fv2%2Fcategories&post=32302"},{"taxonomy":"post_tag","embeddable":true,"href":"https:\/\/www.ocorreionews.com.br\/acervo-correio\/index.php?rest_route=%2Fwp%2Fv2%2Ftags&post=32302"}],"curies":[{"name":"wp","href":"https:\/\/api.w.org\/{rel}","templated":true}]}}