{"id":32313,"date":"2016-07-27T06:21:13","date_gmt":"2016-07-27T10:21:13","guid":{"rendered":"https:\/\/ocorreionews.com.br\/?p=32313"},"modified":"2016-07-27T06:21:13","modified_gmt":"2016-07-27T10:21:13","slug":"sexta-feira-ocorre-o-dia-do-algodao-2016-da-ampasul","status":"publish","type":"post","link":"https:\/\/www.ocorreionews.com.br\/acervo-correio\/?p=32313","title":{"rendered":"Sexta-feira ocorre o Dia do Algod\u00e3o 2016 da AMPASUL"},"content":{"rendered":"<p>A AMPASUL realiza o Dia do Algod\u00e3o 2016, nesta sexta-feira, dia 29 de julho. Ocorre o evento na Fazenda S\u00e3o Paulo, do Grupo JCN, propriedade localizada no Ba\u00fas, Munic\u00edpio de Costa Rica.<\/p>\n<p>Ele marca oficialmente o in\u00edcio da colheita do algod\u00e3o nas regi\u00f5es norte e nordeste de Mato Grosso do Sul, as maiores na produ\u00e7\u00e3o do fio natural do estado. A programa\u00e7\u00e3o come\u00e7a com caf\u00e9 da manh\u00e3 e inscri\u00e7\u00f5es, \u00e0s 06h20 e em seguida, visita\u00e7\u00f5es \u00e0s esta\u00e7\u00f5es, que ser\u00e3o sete.<\/p>\n<p>S\u00e3o esperadas as participa\u00e7\u00f5es de produtores, t\u00e9cnicos e autoridades municipais e estaduais. Ser\u00e3o abordados assuntos como: Desafios para a certifica\u00e7\u00e3o ABR; alta qualidade de fibras; manejo de Ramul\u00e1ria no algodoeiro, do complexo spodoptera, \u00e1caros e mosca-branca; eficiente controle de pragas nos algodoeiros; Manejo do solo em sistema de produ\u00e7\u00e3o com algodoeiro; alerta bicudo e \u00e1rea de ref\u00fagio no algodoeiro.<\/p>\n<p>Palestram na oportunidade, t\u00e9cnicos, engenheiros da AMPASUL, pesquisador da Funda\u00e7\u00e3o Chapad\u00e3o e representantes de empresas fornecedoras de defensivos.<\/p>\n<p>Al\u00e9m das visita\u00e7\u00f5es \u00e0s esta\u00e7\u00f5es, os participantes ainda ter\u00e3o acesso a uma Feira de Relacionamento, assistir\u00e3o \u00e0 abertura oficial da colheita do algod\u00e3o, pronunciamento de autoridades e almo\u00e7o no local.<\/p>\n<p>O Dia do algod\u00e3o da AMPASUL \u00e9 um evento realizado para estreitar o relacionamento da classe dos cotonicultores, seus representantes e pol\u00edticos, para defesa dos interesses de toda a cadeia produtiva do fio natural.<\/p>\n<p><em>Fonte: AMPASUL<\/em><\/p>\n","protected":false},"excerpt":{"rendered":"<p>A AMPASUL realiza o Dia do Algod\u00e3o 2016, nesta sexta-feira, dia 29 de julho. Ocorre o evento na Fazenda S\u00e3o Paulo, do Grupo JCN, propriedade localizada no Ba\u00fas, Munic\u00edpio de Costa Rica. Ele marca oficialmente o in\u00edcio da colheita do algod\u00e3o nas regi\u00f5es norte e nordeste de Mato Grosso do Sul, as maiores na produ\u00e7\u00e3o [&hellip;]<\/p>\n","protected":false},"author":4,"featured_media":32314,"comment_status":"closed","ping_status":"closed","sticky":false,"template":"","format":"standard","meta":{"footnotes":""},"categories":[17],"tags":[],"class_list":["post-32313","post","type-post","status-publish","format-standard","has-post-thumbnail","hentry","category-agropecuaria"],"_links":{"self":[{"href":"https:\/\/www.ocorreionews.com.br\/acervo-correio\/index.php?rest_route=\/wp\/v2\/posts\/32313","targetHints":{"allow":["GET"]}}],"collection":[{"href":"https:\/\/www.ocorreionews.com.br\/acervo-correio\/index.php?rest_route=\/wp\/v2\/posts"}],"about":[{"href":"https:\/\/www.ocorreionews.com.br\/acervo-correio\/index.php?rest_route=\/wp\/v2\/types\/post"}],"author":[{"embeddable":true,"href":"https:\/\/www.ocorreionews.com.br\/acervo-correio\/index.php?rest_route=\/wp\/v2\/users\/4"}],"replies":[{"embeddable":true,"href":"https:\/\/www.ocorreionews.com.br\/acervo-correio\/index.php?rest_route=%2Fwp%2Fv2%2Fcomments&post=32313"}],"version-history":[{"count":0,"href":"https:\/\/www.ocorreionews.com.br\/acervo-correio\/index.php?rest_route=\/wp\/v2\/posts\/32313\/revisions"}],"wp:featuredmedia":[{"embeddable":true,"href":"https:\/\/www.ocorreionews.com.br\/acervo-correio\/index.php?rest_route=\/wp\/v2\/media\/32314"}],"wp:attachment":[{"href":"https:\/\/www.ocorreionews.com.br\/acervo-correio\/index.php?rest_route=%2Fwp%2Fv2%2Fmedia&parent=32313"}],"wp:term":[{"taxonomy":"category","embeddable":true,"href":"https:\/\/www.ocorreionews.com.br\/acervo-correio\/index.php?rest_route=%2Fwp%2Fv2%2Fcategories&post=32313"},{"taxonomy":"post_tag","embeddable":true,"href":"https:\/\/www.ocorreionews.com.br\/acervo-correio\/index.php?rest_route=%2Fwp%2Fv2%2Ftags&post=32313"}],"curies":[{"name":"wp","href":"https:\/\/api.w.org\/{rel}","templated":true}]}}