{"id":32316,"date":"2016-07-27T06:56:29","date_gmt":"2016-07-27T10:56:29","guid":{"rendered":"https:\/\/ocorreionews.com.br\/?p=32316"},"modified":"2016-07-27T06:56:29","modified_gmt":"2016-07-27T10:56:29","slug":"caminhoneiro-morre-atropelado-por-carreta-ao-atravessar-br-163-em-sao-gabriel","status":"publish","type":"post","link":"https:\/\/www.ocorreionews.com.br\/acervo-correio\/?p=32316","title":{"rendered":"Caminhoneiro morre atropelado por carreta ao atravessar BR-163, em S\u00e3o Gabriel"},"content":{"rendered":"<p style=\"text-align: justify;\">Wanderley Naves Cocco, de 52 anos, acabou morrendo poucos instantes ap\u00f3s dar entrada no Hospital Municipal. Ele foi atropelado por uma carreta na rotat\u00f3ria da BR-163, que d\u00e1 acesso a rua Marechal Floriano, por volta das 15 horas deste domingo (25), em S\u00e3o Gabriel do Oeste.<\/p>\n<p style=\"text-align: justify;\">De acordo com informa\u00e7\u00f5es do portal Idest, o condutor da carreta Scania, de 41 anos, com placas de Centen\u00e1rio do Sul (PR), realizava o contorno na rotat\u00f3ria e relatou que a v\u00edtima\u00a0tentou atravessar a via correndo, por\u00e9m, escorregou e acabou atropelado.<\/p>\n<p style=\"text-align: justify;\">Ele foi socorrido pelo SAMU (Servi\u00e7o de Atendimento M\u00f3vel de Urg\u00eancia), mas n\u00e3o resistiu aos ferimentos e veio a \u00f3bito. O\u00a0caminhoneiro e natural de Paranacity (PR).<\/p>\n<p style=\"text-align: justify;\">A Pol\u00edcia Rodovi\u00e1ria Federal (PRF), tamb\u00e9m esteve no local do acidente.<\/p>\n<p style=\"text-align: justify;\">Idest<\/p>\n","protected":false},"excerpt":{"rendered":"<p>Wanderley Naves Cocco, de 52 anos, acabou morrendo poucos instantes ap\u00f3s dar entrada no Hospital Municipal. Ele foi atropelado por uma carreta na rotat\u00f3ria da BR-163, que d\u00e1 acesso a rua Marechal Floriano, por volta das 15 horas deste domingo (25), em S\u00e3o Gabriel do Oeste. De acordo com informa\u00e7\u00f5es do portal Idest, o condutor [&hellip;]<\/p>\n","protected":false},"author":4,"featured_media":32317,"comment_status":"closed","ping_status":"closed","sticky":false,"template":"","format":"standard","meta":{"footnotes":""},"categories":[38],"tags":[],"class_list":["post-32316","post","type-post","status-publish","format-standard","has-post-thumbnail","hentry","category-policia"],"_links":{"self":[{"href":"https:\/\/www.ocorreionews.com.br\/acervo-correio\/index.php?rest_route=\/wp\/v2\/posts\/32316","targetHints":{"allow":["GET"]}}],"collection":[{"href":"https:\/\/www.ocorreionews.com.br\/acervo-correio\/index.php?rest_route=\/wp\/v2\/posts"}],"about":[{"href":"https:\/\/www.ocorreionews.com.br\/acervo-correio\/index.php?rest_route=\/wp\/v2\/types\/post"}],"author":[{"embeddable":true,"href":"https:\/\/www.ocorreionews.com.br\/acervo-correio\/index.php?rest_route=\/wp\/v2\/users\/4"}],"replies":[{"embeddable":true,"href":"https:\/\/www.ocorreionews.com.br\/acervo-correio\/index.php?rest_route=%2Fwp%2Fv2%2Fcomments&post=32316"}],"version-history":[{"count":0,"href":"https:\/\/www.ocorreionews.com.br\/acervo-correio\/index.php?rest_route=\/wp\/v2\/posts\/32316\/revisions"}],"wp:featuredmedia":[{"embeddable":true,"href":"https:\/\/www.ocorreionews.com.br\/acervo-correio\/index.php?rest_route=\/wp\/v2\/media\/32317"}],"wp:attachment":[{"href":"https:\/\/www.ocorreionews.com.br\/acervo-correio\/index.php?rest_route=%2Fwp%2Fv2%2Fmedia&parent=32316"}],"wp:term":[{"taxonomy":"category","embeddable":true,"href":"https:\/\/www.ocorreionews.com.br\/acervo-correio\/index.php?rest_route=%2Fwp%2Fv2%2Fcategories&post=32316"},{"taxonomy":"post_tag","embeddable":true,"href":"https:\/\/www.ocorreionews.com.br\/acervo-correio\/index.php?rest_route=%2Fwp%2Fv2%2Ftags&post=32316"}],"curies":[{"name":"wp","href":"https:\/\/api.w.org\/{rel}","templated":true}]}}