{"id":32428,"date":"2016-07-28T09:23:10","date_gmt":"2016-07-28T13:23:10","guid":{"rendered":"https:\/\/ocorreionews.com.br\/?p=32428"},"modified":"2016-07-28T09:30:33","modified_gmt":"2016-07-28T13:30:33","slug":"cassilandia-armando-do-cafe-tera-como-vice-paulinho-torre-forte","status":"publish","type":"post","link":"https:\/\/www.ocorreionews.com.br\/acervo-correio\/?p=32428","title":{"rendered":"Cassil\u00e2ndia: Armando do Caf\u00e9 ter\u00e1 como vice Paulinho Torre Forte"},"content":{"rendered":"<p>O empres\u00e1rio e Pr\u00e9 Candidato, a prefeito de Cassil\u00e2ndia, Armando do Caf\u00e9, ter\u00e1 como vice em sua chapa, outro empres\u00e1rio tamb\u00e9m ligado ao setor da comercializa\u00e7\u00e3o de caf\u00e9, o Paulino da Torre Forte (DEM).<\/p>\n<p>A decis\u00e3o da uni\u00e3o dos dois empres\u00e1rios, foi oficializada ontem. O PR, que tamb\u00e9m tinha dois nomes postulantes, abriu m\u00e3o e apoio o nome de Paulinho.<\/p>\n","protected":false},"excerpt":{"rendered":"<p>O empres\u00e1rio e Pr\u00e9 Candidato, a prefeito de Cassil\u00e2ndia, Armando do Caf\u00e9, ter\u00e1 como vice em sua chapa, outro empres\u00e1rio tamb\u00e9m ligado ao setor da comercializa\u00e7\u00e3o de caf\u00e9, o Paulino da Torre Forte (DEM). A decis\u00e3o da uni\u00e3o dos dois empres\u00e1rios, foi oficializada ontem. O PR, que tamb\u00e9m tinha dois nomes postulantes, abriu m\u00e3o e [&hellip;]<\/p>\n","protected":false},"author":4,"featured_media":32429,"comment_status":"closed","ping_status":"closed","sticky":false,"template":"","format":"standard","meta":{"footnotes":""},"categories":[21],"tags":[],"class_list":["post-32428","post","type-post","status-publish","format-standard","has-post-thumbnail","hentry","category-cassilandia"],"_links":{"self":[{"href":"https:\/\/www.ocorreionews.com.br\/acervo-correio\/index.php?rest_route=\/wp\/v2\/posts\/32428","targetHints":{"allow":["GET"]}}],"collection":[{"href":"https:\/\/www.ocorreionews.com.br\/acervo-correio\/index.php?rest_route=\/wp\/v2\/posts"}],"about":[{"href":"https:\/\/www.ocorreionews.com.br\/acervo-correio\/index.php?rest_route=\/wp\/v2\/types\/post"}],"author":[{"embeddable":true,"href":"https:\/\/www.ocorreionews.com.br\/acervo-correio\/index.php?rest_route=\/wp\/v2\/users\/4"}],"replies":[{"embeddable":true,"href":"https:\/\/www.ocorreionews.com.br\/acervo-correio\/index.php?rest_route=%2Fwp%2Fv2%2Fcomments&post=32428"}],"version-history":[{"count":0,"href":"https:\/\/www.ocorreionews.com.br\/acervo-correio\/index.php?rest_route=\/wp\/v2\/posts\/32428\/revisions"}],"wp:featuredmedia":[{"embeddable":true,"href":"https:\/\/www.ocorreionews.com.br\/acervo-correio\/index.php?rest_route=\/wp\/v2\/media\/32429"}],"wp:attachment":[{"href":"https:\/\/www.ocorreionews.com.br\/acervo-correio\/index.php?rest_route=%2Fwp%2Fv2%2Fmedia&parent=32428"}],"wp:term":[{"taxonomy":"category","embeddable":true,"href":"https:\/\/www.ocorreionews.com.br\/acervo-correio\/index.php?rest_route=%2Fwp%2Fv2%2Fcategories&post=32428"},{"taxonomy":"post_tag","embeddable":true,"href":"https:\/\/www.ocorreionews.com.br\/acervo-correio\/index.php?rest_route=%2Fwp%2Fv2%2Ftags&post=32428"}],"curies":[{"name":"wp","href":"https:\/\/api.w.org\/{rel}","templated":true}]}}