{"id":32432,"date":"2016-07-28T09:44:19","date_gmt":"2016-07-28T13:44:19","guid":{"rendered":"https:\/\/ocorreionews.com.br\/?p=32432"},"modified":"2016-07-28T09:44:19","modified_gmt":"2016-07-28T13:44:19","slug":"lei-obriga-gerador-automatico-de-energia-em-unidades-de-saude-de-ms","status":"publish","type":"post","link":"https:\/\/www.ocorreionews.com.br\/acervo-correio\/?p=32432","title":{"rendered":"Lei obriga gerador autom\u00e1tico de energia em unidades de sa\u00fade de MS"},"content":{"rendered":"<p>Unidades de sa\u00fade de Mato Grosso do Sul que fazem procedimentos dependentes de energia el\u00e9trica e que n\u00e3o podem ser interrompidos est\u00e3o obrigadas a instalar geradores autom\u00e1ticos. A lei com a determina\u00e7\u00e3o \u00e9 assinada pelo governador Reinaldo Azambuja (PSDB) e foi publicada na edi\u00e7\u00e3o desta quinta-feira (28) do Di\u00e1rio Oficial do Estado.<\/p>\n<p>Conforme a publica\u00e7\u00e3o, se enquadram na lei estabelecimentos que possuam centro cir\u00fargico,<br \/>\ncentro obst\u00e9trico, unidade de tratamento intensivo, unidade coronariana ou qualquer<br \/>\noutra instala\u00e7\u00e3o que n\u00e3o possa sofrer interrup\u00e7\u00e3o.<\/p>\n<p>As unidades de sa\u00fade t\u00eam 365 dias para se adequarem a lei e, em caso de descumprimento, haver\u00e1 multa cujo valor ser\u00e1 definido na regulamenta\u00e7\u00e3o da nova determina\u00e7\u00e3o.<\/p>\n<p>&nbsp;<\/p>\n<p>G1\u00a0MS<\/p>\n","protected":false},"excerpt":{"rendered":"<p>Unidades de sa\u00fade de Mato Grosso do Sul que fazem procedimentos dependentes de energia el\u00e9trica e que n\u00e3o podem ser interrompidos est\u00e3o obrigadas a instalar geradores autom\u00e1ticos. A lei com a determina\u00e7\u00e3o \u00e9 assinada pelo governador Reinaldo Azambuja (PSDB) e foi publicada na edi\u00e7\u00e3o desta quinta-feira (28) do Di\u00e1rio Oficial do Estado. Conforme a publica\u00e7\u00e3o, [&hellip;]<\/p>\n","protected":false},"author":4,"featured_media":32433,"comment_status":"closed","ping_status":"closed","sticky":false,"template":"","format":"standard","meta":{"footnotes":""},"categories":[39],"tags":[],"class_list":["post-32432","post","type-post","status-publish","format-standard","has-post-thumbnail","hentry","category-saude"],"_links":{"self":[{"href":"https:\/\/www.ocorreionews.com.br\/acervo-correio\/index.php?rest_route=\/wp\/v2\/posts\/32432","targetHints":{"allow":["GET"]}}],"collection":[{"href":"https:\/\/www.ocorreionews.com.br\/acervo-correio\/index.php?rest_route=\/wp\/v2\/posts"}],"about":[{"href":"https:\/\/www.ocorreionews.com.br\/acervo-correio\/index.php?rest_route=\/wp\/v2\/types\/post"}],"author":[{"embeddable":true,"href":"https:\/\/www.ocorreionews.com.br\/acervo-correio\/index.php?rest_route=\/wp\/v2\/users\/4"}],"replies":[{"embeddable":true,"href":"https:\/\/www.ocorreionews.com.br\/acervo-correio\/index.php?rest_route=%2Fwp%2Fv2%2Fcomments&post=32432"}],"version-history":[{"count":0,"href":"https:\/\/www.ocorreionews.com.br\/acervo-correio\/index.php?rest_route=\/wp\/v2\/posts\/32432\/revisions"}],"wp:featuredmedia":[{"embeddable":true,"href":"https:\/\/www.ocorreionews.com.br\/acervo-correio\/index.php?rest_route=\/wp\/v2\/media\/32433"}],"wp:attachment":[{"href":"https:\/\/www.ocorreionews.com.br\/acervo-correio\/index.php?rest_route=%2Fwp%2Fv2%2Fmedia&parent=32432"}],"wp:term":[{"taxonomy":"category","embeddable":true,"href":"https:\/\/www.ocorreionews.com.br\/acervo-correio\/index.php?rest_route=%2Fwp%2Fv2%2Fcategories&post=32432"},{"taxonomy":"post_tag","embeddable":true,"href":"https:\/\/www.ocorreionews.com.br\/acervo-correio\/index.php?rest_route=%2Fwp%2Fv2%2Ftags&post=32432"}],"curies":[{"name":"wp","href":"https:\/\/api.w.org\/{rel}","templated":true}]}}