{"id":32436,"date":"2016-07-28T10:09:22","date_gmt":"2016-07-28T14:09:22","guid":{"rendered":"https:\/\/ocorreionews.com.br\/?p=32436"},"modified":"2016-07-28T10:09:22","modified_gmt":"2016-07-28T14:09:22","slug":"detento-de-chapadao-do-ceu-e-encontrado-morto-em-presidio-de-serranopolis-go","status":"publish","type":"post","link":"https:\/\/www.ocorreionews.com.br\/acervo-correio\/?p=32436","title":{"rendered":"Detento de Chapad\u00e3o do C\u00e9u \u00e9 encontrado morto em pres\u00eddio de Serran\u00f3polis &#8211; GO"},"content":{"rendered":"<p>O detento Tiago Fernandes Costa de 27 anos, natural da cidade de Ubiratan\/PR vulgo (pa\u00e7oca) foi encontrado morto dentro do pres\u00eddio de Serran\u00f3polis &#8211; GO, Tiago era morador de Chapad\u00e3o do C\u00e9u &#8211; GO onde a sua fam\u00edlia ainda reside.<\/p>\n<p>Conforme informa\u00e7\u00f5es prestadas pelo SR Ad\u00e3o Neves Barbosa, o qual \u00e9 supervisor da unidade prisional de Serran\u00f3polis-GO por volta das 15 horas desta quarta-feira (27), o mesmo foi informado por alguns detentos, que o Tiago, havia se suicidado no interior da cela do pres\u00eddio de Serran\u00f3polis.<\/p>\n<p>O detento utilizou-se de uma corda de fabrica\u00e7\u00e3o artesanal, prendendo-a na grade de ferro de ventila\u00e7\u00e3o do banheiro e em seguida se pendurou pelo pesco\u00e7o.<\/p>\n<p>A Pol\u00edcia t\u00e9cnica cient\u00edfica juntamente com o IML, foram acionados ao local.<br \/>\nTiago estava detido pelo artigo 33, crime de tr\u00e1fico de drogas, havia outras passagens contra o mesmo.<\/p>\n<p>Somente um laudo pericial ir\u00e1 determinar a causa morte, se foi suic\u00eddio ou homic\u00eddio<\/p>\n<p>&nbsp;<\/p>\n<p>&nbsp;<br \/>\nCom informa\u00e7\u00f5es\u00a0Rota Policia<\/p>\n","protected":false},"excerpt":{"rendered":"<p>O detento Tiago Fernandes Costa de 27 anos, natural da cidade de Ubiratan\/PR vulgo (pa\u00e7oca) foi encontrado morto dentro do pres\u00eddio de Serran\u00f3polis &#8211; GO, Tiago era morador de Chapad\u00e3o do C\u00e9u &#8211; GO onde a sua fam\u00edlia ainda reside. Conforme informa\u00e7\u00f5es prestadas pelo SR Ad\u00e3o Neves Barbosa, o qual \u00e9 supervisor da unidade prisional [&hellip;]<\/p>\n","protected":false},"author":4,"featured_media":32439,"comment_status":"closed","ping_status":"closed","sticky":false,"template":"","format":"standard","meta":{"footnotes":""},"categories":[22,38],"tags":[],"class_list":["post-32436","post","type-post","status-publish","format-standard","has-post-thumbnail","hentry","category-chapadao-do-ceu","category-policia"],"_links":{"self":[{"href":"https:\/\/www.ocorreionews.com.br\/acervo-correio\/index.php?rest_route=\/wp\/v2\/posts\/32436","targetHints":{"allow":["GET"]}}],"collection":[{"href":"https:\/\/www.ocorreionews.com.br\/acervo-correio\/index.php?rest_route=\/wp\/v2\/posts"}],"about":[{"href":"https:\/\/www.ocorreionews.com.br\/acervo-correio\/index.php?rest_route=\/wp\/v2\/types\/post"}],"author":[{"embeddable":true,"href":"https:\/\/www.ocorreionews.com.br\/acervo-correio\/index.php?rest_route=\/wp\/v2\/users\/4"}],"replies":[{"embeddable":true,"href":"https:\/\/www.ocorreionews.com.br\/acervo-correio\/index.php?rest_route=%2Fwp%2Fv2%2Fcomments&post=32436"}],"version-history":[{"count":0,"href":"https:\/\/www.ocorreionews.com.br\/acervo-correio\/index.php?rest_route=\/wp\/v2\/posts\/32436\/revisions"}],"wp:featuredmedia":[{"embeddable":true,"href":"https:\/\/www.ocorreionews.com.br\/acervo-correio\/index.php?rest_route=\/wp\/v2\/media\/32439"}],"wp:attachment":[{"href":"https:\/\/www.ocorreionews.com.br\/acervo-correio\/index.php?rest_route=%2Fwp%2Fv2%2Fmedia&parent=32436"}],"wp:term":[{"taxonomy":"category","embeddable":true,"href":"https:\/\/www.ocorreionews.com.br\/acervo-correio\/index.php?rest_route=%2Fwp%2Fv2%2Fcategories&post=32436"},{"taxonomy":"post_tag","embeddable":true,"href":"https:\/\/www.ocorreionews.com.br\/acervo-correio\/index.php?rest_route=%2Fwp%2Fv2%2Ftags&post=32436"}],"curies":[{"name":"wp","href":"https:\/\/api.w.org\/{rel}","templated":true}]}}