{"id":32546,"date":"2016-07-28T13:03:03","date_gmt":"2016-07-28T17:03:03","guid":{"rendered":"https:\/\/ocorreionews.com.br\/?p=32546"},"modified":"2016-07-30T13:04:41","modified_gmt":"2016-07-30T17:04:41","slug":"partido-verde-diretorio-municipal-de-chapadao-do-sul-ms-edital-de-convocacao-convencao-municipal","status":"publish","type":"post","link":"https:\/\/www.ocorreionews.com.br\/acervo-correio\/?p=32546","title":{"rendered":"Partido Verde Diret\u00f3rio Municipal De Chapad\u00e3o Do Sul- MS  Edital De Convoca\u00e7\u00e3o Conven\u00e7\u00e3o Municipal"},"content":{"rendered":"<p>O Presidente do <strong>Diret\u00f3rio Municipal do Partido Verde, <\/strong>neste munic\u00edpio e Estado, nos termos do seu Estatuto e da Legisla\u00e7\u00e3o Eleitoral vigente, convoca todos os convencionais, devidamente habilitados para a conven\u00e7\u00e3o municipal da sigla, para comparecer e participar da <strong>CONVEN\u00c7\u00c3O MUNICIPAL<\/strong> a realizar-se\u00a0 no dia 05 de agosto de 2016, com in\u00edcio das inscri\u00e7\u00f5es \u00e0s 13:00 horas e dura\u00e7\u00e3o pelo tempo necess\u00e1rio, com o m\u00e1ximo de tr\u00eas horas, na Rua Dez, n.1523, centro, nesta cidade e Estado, para tratar e deliberar sobre a seguinte <u>ORDEM DO DIA<\/u>:<\/p>\n<ol>\n<li><strong>a) Escolha dos candidatos do partido ao cargo de PREFEITO e VICE-PREFEITO nas elei\u00e7\u00f5es majorit\u00e1rias previstas para o dia 2 de outubro deste ano;<\/strong><\/li>\n<\/ol>\n<ol start=\"2\">\n<li><strong>b) Escolha de candidatos do partido ao cargo de VEREADOR nas elei\u00e7\u00f5es proporcionais previstas para o dia 2 de outubro deste ano;<\/strong><\/li>\n<li><strong>c) Delibera\u00e7\u00e3o de propostas de celebra\u00e7\u00e3o de coliga\u00e7\u00f5es com outras agremia\u00e7\u00f5es partid\u00e1rias;<\/strong><\/li>\n<li><strong>d) Sorteio dos n\u00fameros dos candidatos do Partido \u00e0s elei\u00e7\u00f5es proporcionais (vereadores);<\/strong><\/li>\n<\/ol>\n<p><strong>\u00a0\u00a0\u00a0\u00a0\u00a0\u00a0\u00a0\u00a0 e). Outras mat\u00e9rias de interesse partid\u00e1rio ou relativos a elei\u00e7\u00e3o.<\/strong><\/p>\n<p>&nbsp;<\/p>\n<p>&nbsp;<\/p>\n<p>Chapad\u00e3o do Sul\/MS, 27 de julho de 2016.<\/p>\n<p>&nbsp;<\/p>\n<p>________________________<\/p>\n<p><strong>Roniele Garcia de Almeida<\/strong><\/p>\n<p><strong>\u00a0<\/strong><\/p>\n","protected":false},"excerpt":{"rendered":"<p>O Presidente do Diret\u00f3rio Municipal do Partido Verde, neste munic\u00edpio e Estado, nos termos do seu Estatuto e da Legisla\u00e7\u00e3o Eleitoral vigente, convoca todos os convencionais, devidamente habilitados para a conven\u00e7\u00e3o municipal da sigla, para comparecer e participar da CONVEN\u00c7\u00c3O MUNICIPAL a realizar-se\u00a0 no dia 05 de agosto de 2016, com in\u00edcio das inscri\u00e7\u00f5es \u00e0s [&hellip;]<\/p>\n","protected":false},"author":4,"featured_media":32547,"comment_status":"closed","ping_status":"closed","sticky":false,"template":"","format":"standard","meta":{"footnotes":""},"categories":[23,37],"tags":[],"class_list":["post-32546","post","type-post","status-publish","format-standard","has-post-thumbnail","hentry","category-chapadao-do-sul","category-politica"],"_links":{"self":[{"href":"https:\/\/www.ocorreionews.com.br\/acervo-correio\/index.php?rest_route=\/wp\/v2\/posts\/32546","targetHints":{"allow":["GET"]}}],"collection":[{"href":"https:\/\/www.ocorreionews.com.br\/acervo-correio\/index.php?rest_route=\/wp\/v2\/posts"}],"about":[{"href":"https:\/\/www.ocorreionews.com.br\/acervo-correio\/index.php?rest_route=\/wp\/v2\/types\/post"}],"author":[{"embeddable":true,"href":"https:\/\/www.ocorreionews.com.br\/acervo-correio\/index.php?rest_route=\/wp\/v2\/users\/4"}],"replies":[{"embeddable":true,"href":"https:\/\/www.ocorreionews.com.br\/acervo-correio\/index.php?rest_route=%2Fwp%2Fv2%2Fcomments&post=32546"}],"version-history":[{"count":0,"href":"https:\/\/www.ocorreionews.com.br\/acervo-correio\/index.php?rest_route=\/wp\/v2\/posts\/32546\/revisions"}],"wp:featuredmedia":[{"embeddable":true,"href":"https:\/\/www.ocorreionews.com.br\/acervo-correio\/index.php?rest_route=\/wp\/v2\/media\/32547"}],"wp:attachment":[{"href":"https:\/\/www.ocorreionews.com.br\/acervo-correio\/index.php?rest_route=%2Fwp%2Fv2%2Fmedia&parent=32546"}],"wp:term":[{"taxonomy":"category","embeddable":true,"href":"https:\/\/www.ocorreionews.com.br\/acervo-correio\/index.php?rest_route=%2Fwp%2Fv2%2Fcategories&post=32546"},{"taxonomy":"post_tag","embeddable":true,"href":"https:\/\/www.ocorreionews.com.br\/acervo-correio\/index.php?rest_route=%2Fwp%2Fv2%2Ftags&post=32546"}],"curies":[{"name":"wp","href":"https:\/\/api.w.org\/{rel}","templated":true}]}}