{"id":32555,"date":"2016-08-01T07:28:58","date_gmt":"2016-08-01T11:28:58","guid":{"rendered":"https:\/\/ocorreionews.com.br\/?p=32555"},"modified":"2016-08-01T07:28:58","modified_gmt":"2016-08-01T11:28:58","slug":"oito-partidos-que-apoiam-walter-schlatter-realizam-convencoes","status":"publish","type":"post","link":"https:\/\/www.ocorreionews.com.br\/acervo-correio\/?p=32555","title":{"rendered":"Oito partidos que apoiam Walter Schlatter realizam conven\u00e7\u00f5es"},"content":{"rendered":"<p>Na manh\u00e3 deste domingo, 31 de julho, oito partidos pol\u00edticos de Chapad\u00e3o do Sul, que apoiam a pr\u00e9-candidatura de Walter Schlatter a Prefeito e a pr\u00e9-candidatura de Bocalan a Vice-Prefeito realizaram suas conven\u00e7\u00f5es.<\/p>\n<p>Foram eles: PMDB, DEM, PHS, PSC, PEN, PPS, PROS e PRB. Todas as conven\u00e7\u00f5es foram realizadas em salas de aulas da Escola Municipal Cec\u00edlia Meireles, localizada na Avenida Goi\u00e1s, Bairro Espat\u00f3dia, no Parque Uni\u00e3o.<\/p>\n<p>Ficou decidido o que j\u00e1 vinha sendo alinhavado pelas lideran\u00e7as pol\u00edticas do Munic\u00edpio, Walter Schlatter pr\u00e9-candidato a Prefeito e Bocalan Pr\u00e9-candidato a Vice-Prefeito. Os partidos dividiram-se em tr\u00eas coliga\u00e7\u00f5es, que receberam o nome de: Trabalho e Honestidade por Chapad\u00e3o I, II e III. Ao t\u00e9rmino das conven\u00e7\u00f5es, todas as lideran\u00e7as presentes e os pr\u00e9-candidatos se reuniram no p\u00e1tio da escola para ouvir o presidente do PMDB, Jorge Michelc, o Presidente de Honra do partido, Elo Ramiro Loeff e os pr\u00e9-candidatos, Walter Schlatter e Bocalan.<\/p>\n<p>Eles foram un\u00e2nimes em recomendar cautela, principalmente neste per\u00edodo de pr\u00e9-candidatura, para que a legisla\u00e7\u00e3o n\u00e3o seja infringida. \u201cEstamos em uma campanha at\u00edpica. Houve mudan\u00e7as na legisla\u00e7\u00e3o, temos que trabalhar com poucos recursos financeiros e usar corretamente e intensamente as redes sociais, uma ferramenta atualmente important\u00edssima para levar as nossas mensagens\u201d, disse Jorge Michelc.<\/p>\n<p>&nbsp;<\/p>\n<p>Walter disse que traz recomenda\u00e7\u00e3o de seu pai, para que trabalhe na pol\u00edtica com a mesma honradez e honestidade que at\u00e9 o momento conduziram suas vidas e seus neg\u00f3cios. Ele pediu a todos que respeitem os advers\u00e1rios, para que a disputa pol\u00edtica n\u00e3o resulte em perda de amizade e dos la\u00e7os familiares.<\/p>\n<p>Temos uma proposta para o bem estar de nossos moradores e para o desenvolvimento de Chapad\u00e3o do Sul, que est\u00e1 ainda em formula\u00e7\u00e3o, ouvindo a popula\u00e7\u00e3o. Precisamos que continuemos a ouvir os eleitores e toda a sociedade, principalmente os moradores dos bairros e os comerciantes, para que o plano de governo venha de encontro com os seus anseios. Precisamos acabar de montar um plano de governo que atenda a todas as classes sociais e empresariais de Chapad\u00e3o do Sul.<\/p>\n<p>&nbsp;<\/p>\n<p>\u201cA partir do dia 16 de agosto vamos colocar nas ruas nosso plano de governo, nossa proposta para governar e colocar Chapad\u00e3o do Sul novamente nos trilhos do desenvolvimento e para isso contamos com o empenho e colabora\u00e7\u00e3o de todos os coligados\u201d. Concluiu Walter. A reuni\u00e3o encerrou-se com dois momentos de ora\u00e7\u00e3o e b\u00ean\u00e7\u00e3o dos pr\u00e9-candidatos. Oportunamente ser\u00e3o divulgados os nomes dos pr\u00e9-candidatos a vereador das coliga\u00e7\u00f5es. <em>Fonte: Jovemsulnews<\/em><\/p>\n","protected":false},"excerpt":{"rendered":"<p>Na manh\u00e3 deste domingo, 31 de julho, oito partidos pol\u00edticos de Chapad\u00e3o do Sul, que apoiam a pr\u00e9-candidatura de Walter Schlatter a Prefeito e a pr\u00e9-candidatura de Bocalan a Vice-Prefeito realizaram suas conven\u00e7\u00f5es. Foram eles: PMDB, DEM, PHS, PSC, PEN, PPS, PROS e PRB. Todas as conven\u00e7\u00f5es foram realizadas em salas de aulas da Escola [&hellip;]<\/p>\n","protected":false},"author":4,"featured_media":32556,"comment_status":"closed","ping_status":"closed","sticky":false,"template":"","format":"standard","meta":{"footnotes":""},"categories":[23],"tags":[],"class_list":["post-32555","post","type-post","status-publish","format-standard","has-post-thumbnail","hentry","category-chapadao-do-sul"],"_links":{"self":[{"href":"https:\/\/www.ocorreionews.com.br\/acervo-correio\/index.php?rest_route=\/wp\/v2\/posts\/32555","targetHints":{"allow":["GET"]}}],"collection":[{"href":"https:\/\/www.ocorreionews.com.br\/acervo-correio\/index.php?rest_route=\/wp\/v2\/posts"}],"about":[{"href":"https:\/\/www.ocorreionews.com.br\/acervo-correio\/index.php?rest_route=\/wp\/v2\/types\/post"}],"author":[{"embeddable":true,"href":"https:\/\/www.ocorreionews.com.br\/acervo-correio\/index.php?rest_route=\/wp\/v2\/users\/4"}],"replies":[{"embeddable":true,"href":"https:\/\/www.ocorreionews.com.br\/acervo-correio\/index.php?rest_route=%2Fwp%2Fv2%2Fcomments&post=32555"}],"version-history":[{"count":0,"href":"https:\/\/www.ocorreionews.com.br\/acervo-correio\/index.php?rest_route=\/wp\/v2\/posts\/32555\/revisions"}],"wp:featuredmedia":[{"embeddable":true,"href":"https:\/\/www.ocorreionews.com.br\/acervo-correio\/index.php?rest_route=\/wp\/v2\/media\/32556"}],"wp:attachment":[{"href":"https:\/\/www.ocorreionews.com.br\/acervo-correio\/index.php?rest_route=%2Fwp%2Fv2%2Fmedia&parent=32555"}],"wp:term":[{"taxonomy":"category","embeddable":true,"href":"https:\/\/www.ocorreionews.com.br\/acervo-correio\/index.php?rest_route=%2Fwp%2Fv2%2Fcategories&post=32555"},{"taxonomy":"post_tag","embeddable":true,"href":"https:\/\/www.ocorreionews.com.br\/acervo-correio\/index.php?rest_route=%2Fwp%2Fv2%2Ftags&post=32555"}],"curies":[{"name":"wp","href":"https:\/\/api.w.org\/{rel}","templated":true}]}}