{"id":32590,"date":"2016-08-01T07:59:58","date_gmt":"2016-08-01T11:59:58","guid":{"rendered":"https:\/\/ocorreionews.com.br\/?p=32590"},"modified":"2016-08-01T08:07:01","modified_gmt":"2016-08-01T12:07:01","slug":"flavinho-francisquet-fica-4o-lugar-na-expo-cassilandia","status":"publish","type":"post","link":"https:\/\/www.ocorreionews.com.br\/acervo-correio\/?p=32590","title":{"rendered":"Flavinho Francisquet fica 4\u00ba Lugar na Expo-Cassil\u00e2ndia"},"content":{"rendered":"<p>O Pe\u00e3o de rodeio sul-Chapadense, Flavio Francisquet, ficou em 4\u00ba Lugar na montaria em Touros, na Expo-Cassil\u00e2ndia, que se encerrou na noite deste domingo.<\/p>\n<p>O pe\u00e3o sul-chapadense, fez durante todas as noites, \u00f3timas montarias, chegou at\u00e9 a receber uma das maiores notas da noite. Entrou na disputa final, com outros 10 pe\u00f5es em 3\u00ba Lugar.<\/p>\n<p>O grande campe\u00e3o do rodeio foi o pe\u00e3o Emilio Rezende e vice-campe\u00e3o, Guilherme Marchi (que j\u00e1 campe\u00e3o mundial).<\/p>\n","protected":false},"excerpt":{"rendered":"<p>O Pe\u00e3o de rodeio sul-Chapadense, Flavio Francisquet, ficou em 4\u00ba Lugar na montaria em Touros, na Expo-Cassil\u00e2ndia, que se encerrou na noite deste domingo. O pe\u00e3o sul-chapadense, fez durante todas as noites, \u00f3timas montarias, chegou at\u00e9 a receber uma das maiores notas da noite. Entrou na disputa final, com outros 10 pe\u00f5es em 3\u00ba Lugar. [&hellip;]<\/p>\n","protected":false},"author":4,"featured_media":32593,"comment_status":"closed","ping_status":"closed","sticky":false,"template":"","format":"standard","meta":{"footnotes":""},"categories":[21,23],"tags":[],"class_list":["post-32590","post","type-post","status-publish","format-standard","has-post-thumbnail","hentry","category-cassilandia","category-chapadao-do-sul"],"_links":{"self":[{"href":"https:\/\/www.ocorreionews.com.br\/acervo-correio\/index.php?rest_route=\/wp\/v2\/posts\/32590","targetHints":{"allow":["GET"]}}],"collection":[{"href":"https:\/\/www.ocorreionews.com.br\/acervo-correio\/index.php?rest_route=\/wp\/v2\/posts"}],"about":[{"href":"https:\/\/www.ocorreionews.com.br\/acervo-correio\/index.php?rest_route=\/wp\/v2\/types\/post"}],"author":[{"embeddable":true,"href":"https:\/\/www.ocorreionews.com.br\/acervo-correio\/index.php?rest_route=\/wp\/v2\/users\/4"}],"replies":[{"embeddable":true,"href":"https:\/\/www.ocorreionews.com.br\/acervo-correio\/index.php?rest_route=%2Fwp%2Fv2%2Fcomments&post=32590"}],"version-history":[{"count":0,"href":"https:\/\/www.ocorreionews.com.br\/acervo-correio\/index.php?rest_route=\/wp\/v2\/posts\/32590\/revisions"}],"wp:featuredmedia":[{"embeddable":true,"href":"https:\/\/www.ocorreionews.com.br\/acervo-correio\/index.php?rest_route=\/wp\/v2\/media\/32593"}],"wp:attachment":[{"href":"https:\/\/www.ocorreionews.com.br\/acervo-correio\/index.php?rest_route=%2Fwp%2Fv2%2Fmedia&parent=32590"}],"wp:term":[{"taxonomy":"category","embeddable":true,"href":"https:\/\/www.ocorreionews.com.br\/acervo-correio\/index.php?rest_route=%2Fwp%2Fv2%2Fcategories&post=32590"},{"taxonomy":"post_tag","embeddable":true,"href":"https:\/\/www.ocorreionews.com.br\/acervo-correio\/index.php?rest_route=%2Fwp%2Fv2%2Ftags&post=32590"}],"curies":[{"name":"wp","href":"https:\/\/api.w.org\/{rel}","templated":true}]}}