{"id":32600,"date":"2016-08-01T09:22:17","date_gmt":"2016-08-01T13:22:17","guid":{"rendered":"https:\/\/ocorreionews.com.br\/?p=32600"},"modified":"2016-08-01T09:22:17","modified_gmt":"2016-08-01T13:22:17","slug":"homem-e-levado-para-delegacia-apos-andar-pelado-na-rua-em-paranaiba-ms","status":"publish","type":"post","link":"https:\/\/www.ocorreionews.com.br\/acervo-correio\/?p=32600","title":{"rendered":"Homem \u00e9 levado para delegacia ap\u00f3s andar pelado na rua em Parana\u00edba, MS"},"content":{"rendered":"<p>Um homem foi preso depois de andar pelado pelas ruas de Parana\u00edba\u00a0na madrugada deste domingo (31). O suspeito de 27 anos n\u00e3o teria se intimidado nem com a presen\u00e7a de mulheres e crian\u00e7as, segundo moradores.<\/p>\n<p>De acordo com o registro policial, o suspeito teria tentado se esconder no fundo de uma constru\u00e7\u00e3o quando a viatura se aproximou. O homem foi levado para a delegacia. Conforme a pol\u00edcia, ele teria problemas psicol\u00f3gicos.<\/p>\n<p>O caso foi registrado como ato obsceno e o suspeito liberado depois de assinar um termo se comprometendo a n\u00e3o repetir a infra\u00e7\u00e3o.<\/p>\n","protected":false},"excerpt":{"rendered":"<p>Um homem foi preso depois de andar pelado pelas ruas de Parana\u00edba\u00a0na madrugada deste domingo (31). O suspeito de 27 anos n\u00e3o teria se intimidado nem com a presen\u00e7a de mulheres e crian\u00e7as, segundo moradores. De acordo com o registro policial, o suspeito teria tentado se esconder no fundo de uma constru\u00e7\u00e3o quando a viatura [&hellip;]<\/p>\n","protected":false},"author":4,"featured_media":2862,"comment_status":"closed","ping_status":"closed","sticky":false,"template":"","format":"standard","meta":{"footnotes":""},"categories":[38],"tags":[],"class_list":["post-32600","post","type-post","status-publish","format-standard","has-post-thumbnail","hentry","category-policia"],"_links":{"self":[{"href":"https:\/\/www.ocorreionews.com.br\/acervo-correio\/index.php?rest_route=\/wp\/v2\/posts\/32600","targetHints":{"allow":["GET"]}}],"collection":[{"href":"https:\/\/www.ocorreionews.com.br\/acervo-correio\/index.php?rest_route=\/wp\/v2\/posts"}],"about":[{"href":"https:\/\/www.ocorreionews.com.br\/acervo-correio\/index.php?rest_route=\/wp\/v2\/types\/post"}],"author":[{"embeddable":true,"href":"https:\/\/www.ocorreionews.com.br\/acervo-correio\/index.php?rest_route=\/wp\/v2\/users\/4"}],"replies":[{"embeddable":true,"href":"https:\/\/www.ocorreionews.com.br\/acervo-correio\/index.php?rest_route=%2Fwp%2Fv2%2Fcomments&post=32600"}],"version-history":[{"count":0,"href":"https:\/\/www.ocorreionews.com.br\/acervo-correio\/index.php?rest_route=\/wp\/v2\/posts\/32600\/revisions"}],"wp:featuredmedia":[{"embeddable":true,"href":"https:\/\/www.ocorreionews.com.br\/acervo-correio\/index.php?rest_route=\/wp\/v2\/media\/2862"}],"wp:attachment":[{"href":"https:\/\/www.ocorreionews.com.br\/acervo-correio\/index.php?rest_route=%2Fwp%2Fv2%2Fmedia&parent=32600"}],"wp:term":[{"taxonomy":"category","embeddable":true,"href":"https:\/\/www.ocorreionews.com.br\/acervo-correio\/index.php?rest_route=%2Fwp%2Fv2%2Fcategories&post=32600"},{"taxonomy":"post_tag","embeddable":true,"href":"https:\/\/www.ocorreionews.com.br\/acervo-correio\/index.php?rest_route=%2Fwp%2Fv2%2Ftags&post=32600"}],"curies":[{"name":"wp","href":"https:\/\/api.w.org\/{rel}","templated":true}]}}