{"id":33553,"date":"2016-08-17T10:14:58","date_gmt":"2016-08-17T14:14:58","guid":{"rendered":"https:\/\/ocorreionews.com.br\/?p=33553"},"modified":"2016-08-17T10:17:59","modified_gmt":"2016-08-17T14:17:59","slug":"o-porre-ideologico-e-a-criminalidade","status":"publish","type":"post","link":"https:\/\/www.ocorreionews.com.br\/acervo-correio\/?p=33553","title":{"rendered":"Quanta Vergonha, Lula!"},"content":{"rendered":"<p>Lula parece fazer quest\u00e3o de afundar no desrespeito. N\u00e3o bastassem todas as perguntas que deixa sem respostas, n\u00e3o bastasse haver lan\u00e7ado a fam\u00edlia inteira num despenhadeiro moral, n\u00e3o bastasse a auto-imposta priva\u00e7\u00e3o coercitiva da vida p\u00fablica e do conv\u00edvio social, n\u00e3o bastasse a perspectiva da porta da cadeia, Lula resolve felicitar Fidel Castro pelo 90\u00ba anivers\u00e1rio do fac\u00ednora cubano.<\/p>\n<p>A mensagem de sauda\u00e7\u00e3o e rever\u00eancia transcrita abaixo n\u00e3o foi pedida. Foi oferecida espontaneamente por Lula ao longevo carrasco de v\u00e1rias gera\u00e7\u00f5es de seus conterr\u00e2neos. Ali, sob o sol caribenho, aproveitando-se da condi\u00e7\u00e3o insular de seu desafortunado pa\u00eds, Fidel ergueu imenso campo de concentra\u00e7\u00e3o onde 12 milh\u00f5es de escravos trabalham para um Estado que se concentra no seu partido, que, por sua vez, se concentra em sua pessoa e em seu irm\u00e3o. \u00c9 a constrangedora monarquia heredit\u00e1ria comunista, rival em taras pol\u00edticas da Coreia do Norte, que Lula sa\u00fada. Pode haver algo mais parecido do que Cuba com uma senzala tropical, mal administrada, falida, dependendo, por d\u00e9cadas, da sociedade beneficente Unidos pelo Fracasso &#8211; ou seja, sucessivamente, R\u00fassia, Venezuela chavista e Brasil petista?<\/p>\n<p>Assim se expressou Lula ao aniversariante.<\/p>\n<p>&#8220;Caro amigo Fidel,<\/p>\n<p>Parab\u00e9ns pelos 90 anos de uma vida t\u00e3o intensa; uma vida que marcou a hist\u00f3ria de Cuba e de todo o mundo. Obrigado pelas pontes de solidariedade que construiu na Am\u00e9rica Latina, pelo apoio \u00e0 independ\u00eancia de tantos pa\u00edses africanos. Obrigado por ter mostrado ao mundo que todos os pa\u00edses conquistam o respeito quando seu povo se faz respeitar.<\/p>\n<p>Mesmo diante de tantos desafios e dificuldades materiais, diante de um bloqueio cruel ao longo de d\u00e9cadas, Cuba \u00e9 exemplo de generosidade: um<\/p>\n<p>pa\u00eds que exporta m\u00e9dicos e conhecimento, enquanto outros exportam armas e intoler\u00e2ncia.Este \u00e9 o legado do qual voc\u00ea, nesta data, deve sentir muito orgulho e alegria.<\/p>\n<p>Muita sa\u00fade e muitos anos de vida.<\/p>\n<p>Do amigo<\/p>\n<p>Luiz In\u00e1cio Lula da Silva&#8221;<\/p>\n<p>Observe a ret\u00f3rica tipicamente petista. Cuba se apresenta e \u00e9 reverenciada pelos comunistas do mundo inteiro como um pa\u00eds altivo cuja autonomia deve ser respeitada apesar de estar, h\u00e1 57 anos, sob um regime tir\u00e2nico no qual n\u00e3o h\u00e1 oposi\u00e7\u00e3o, nem liberdade de imprensa e onde prosseguem, numa sequ\u00eancia infind\u00e1vel, as intimida\u00e7\u00f5es e as pris\u00f5es pol\u00edticas. No entanto, a ditadura cubana interveio na autonomia e patrocinou revolu\u00e7\u00f5es comunistas e luta armada em mais de uma dezena de pa\u00edses da Am\u00e9rica Ib\u00e9rica e da \u00c1frica, Brasil inclu\u00eddo. E \u00e9 a essas interven\u00e7\u00f5es que Lula denomina pontes de solidariedade e apoio a lutas por independ\u00eancia.<\/p>\n<p>Deus seja louvado, pois tudo indica que desse mal maior nos livramos pelas melhores portas: a vontade popular, a democracia e a Constitui\u00e7\u00e3o.<\/p>\n<p>___________________________________<\/p>\n<p>* Percival Puggina (71), membro da Academia Rio-Grandense de Letras, \u00e9 arquiteto, empres\u00e1rio e escritor e titular do site www.puggina.org, colunista de Zero Hora e de dezenas de jornais e sites no pa\u00eds. Autor de Cr\u00f4nicas contra o totalitarismo; Cuba, a trag\u00e9dia da utopia; Pombas e Gavi\u00f5es; A tomada do Brasil. integrante do grupo Pensar+.<\/p>\n<p>&nbsp;<\/p>\n","protected":false},"excerpt":{"rendered":"<p>Lula parece fazer quest\u00e3o de afundar no desrespeito. N\u00e3o bastassem todas as perguntas que deixa sem respostas, n\u00e3o bastasse haver lan\u00e7ado a fam\u00edlia inteira num despenhadeiro moral, n\u00e3o bastasse a auto-imposta priva\u00e7\u00e3o coercitiva da vida p\u00fablica e do conv\u00edvio social, n\u00e3o bastasse a perspectiva da porta da cadeia, Lula resolve felicitar Fidel Castro pelo 90\u00ba [&hellip;]<\/p>\n","protected":false},"author":4,"featured_media":25337,"comment_status":"closed","ping_status":"closed","sticky":false,"template":"","format":"standard","meta":{"footnotes":""},"categories":[37],"tags":[],"class_list":["post-33553","post","type-post","status-publish","format-standard","has-post-thumbnail","hentry","category-politica"],"_links":{"self":[{"href":"https:\/\/www.ocorreionews.com.br\/acervo-correio\/index.php?rest_route=\/wp\/v2\/posts\/33553","targetHints":{"allow":["GET"]}}],"collection":[{"href":"https:\/\/www.ocorreionews.com.br\/acervo-correio\/index.php?rest_route=\/wp\/v2\/posts"}],"about":[{"href":"https:\/\/www.ocorreionews.com.br\/acervo-correio\/index.php?rest_route=\/wp\/v2\/types\/post"}],"author":[{"embeddable":true,"href":"https:\/\/www.ocorreionews.com.br\/acervo-correio\/index.php?rest_route=\/wp\/v2\/users\/4"}],"replies":[{"embeddable":true,"href":"https:\/\/www.ocorreionews.com.br\/acervo-correio\/index.php?rest_route=%2Fwp%2Fv2%2Fcomments&post=33553"}],"version-history":[{"count":0,"href":"https:\/\/www.ocorreionews.com.br\/acervo-correio\/index.php?rest_route=\/wp\/v2\/posts\/33553\/revisions"}],"wp:featuredmedia":[{"embeddable":true,"href":"https:\/\/www.ocorreionews.com.br\/acervo-correio\/index.php?rest_route=\/wp\/v2\/media\/25337"}],"wp:attachment":[{"href":"https:\/\/www.ocorreionews.com.br\/acervo-correio\/index.php?rest_route=%2Fwp%2Fv2%2Fmedia&parent=33553"}],"wp:term":[{"taxonomy":"category","embeddable":true,"href":"https:\/\/www.ocorreionews.com.br\/acervo-correio\/index.php?rest_route=%2Fwp%2Fv2%2Fcategories&post=33553"},{"taxonomy":"post_tag","embeddable":true,"href":"https:\/\/www.ocorreionews.com.br\/acervo-correio\/index.php?rest_route=%2Fwp%2Fv2%2Ftags&post=33553"}],"curies":[{"name":"wp","href":"https:\/\/api.w.org\/{rel}","templated":true}]}}