{"id":33561,"date":"2016-08-17T10:38:35","date_gmt":"2016-08-17T14:38:35","guid":{"rendered":"https:\/\/ocorreionews.com.br\/?p=33561"},"modified":"2016-08-17T10:38:35","modified_gmt":"2016-08-17T14:38:35","slug":"para-melhorar-atendimento-a-populacao-esf-saude-lar-conta-com-farmacia-para-entrega-de-medicamentos-de-uso-continuo-e-receitas-controladas","status":"publish","type":"post","link":"https:\/\/www.ocorreionews.com.br\/acervo-correio\/?p=33561","title":{"rendered":"Para melhorar atendimento \u00e0 popula\u00e7\u00e3o ESF Sa\u00fade Lar conta com farm\u00e1cia para entrega de medicamentos de uso cont\u00ednuo e receitas controladas"},"content":{"rendered":"<p>Desde o dia 15 de agosto, a farm\u00e1cia b\u00e1sica do ESF Sa\u00fade Lar passou tamb\u00e9m a realizar a entrega de medicamentos de uso continuo e receitas controladas.<\/p>\n<p>A medida, segundo a OSs respons\u00e1vel pela gest\u00e3o da sa\u00fade p\u00fablica municipal, visa melhorar o atendimento, oferecendo mais um local para que os usu\u00e1rios possam ter acesso a esses medicamentos mais pr\u00f3ximos de suas resid\u00eancias, especialmente no Parque Uni\u00e3o.<\/p>\n<p>O ESF Sa\u00fade Lar est\u00e1 em seu novo pr\u00e9dio, inaugurado recentemente pela Administra\u00e7\u00e3o Municipal, na Rua Campo Grande n\u00ba 585. A farm\u00e1cia tem hor\u00e1rio de atendimento das 07 \u00e0s 11 horas e das 13 \u00e0s 17 horas, de segunda a sexta-feira.<\/p>\n<p>Vale apenas ressaltar que a farm\u00e1cia central mant\u00e9m seu funcionamento no hor\u00e1rio normal.<\/p>\n<p>&nbsp;<\/p>\n<p>&nbsp;<\/p>\n<p>Assessoria<\/p>\n","protected":false},"excerpt":{"rendered":"<p>Desde o dia 15 de agosto, a farm\u00e1cia b\u00e1sica do ESF Sa\u00fade Lar passou tamb\u00e9m a realizar a entrega de medicamentos de uso continuo e receitas controladas. A medida, segundo a OSs respons\u00e1vel pela gest\u00e3o da sa\u00fade p\u00fablica municipal, visa melhorar o atendimento, oferecendo mais um local para que os usu\u00e1rios possam ter acesso a [&hellip;]<\/p>\n","protected":false},"author":4,"featured_media":3843,"comment_status":"closed","ping_status":"closed","sticky":false,"template":"","format":"standard","meta":{"footnotes":""},"categories":[23],"tags":[],"class_list":["post-33561","post","type-post","status-publish","format-standard","has-post-thumbnail","hentry","category-chapadao-do-sul"],"_links":{"self":[{"href":"https:\/\/www.ocorreionews.com.br\/acervo-correio\/index.php?rest_route=\/wp\/v2\/posts\/33561","targetHints":{"allow":["GET"]}}],"collection":[{"href":"https:\/\/www.ocorreionews.com.br\/acervo-correio\/index.php?rest_route=\/wp\/v2\/posts"}],"about":[{"href":"https:\/\/www.ocorreionews.com.br\/acervo-correio\/index.php?rest_route=\/wp\/v2\/types\/post"}],"author":[{"embeddable":true,"href":"https:\/\/www.ocorreionews.com.br\/acervo-correio\/index.php?rest_route=\/wp\/v2\/users\/4"}],"replies":[{"embeddable":true,"href":"https:\/\/www.ocorreionews.com.br\/acervo-correio\/index.php?rest_route=%2Fwp%2Fv2%2Fcomments&post=33561"}],"version-history":[{"count":0,"href":"https:\/\/www.ocorreionews.com.br\/acervo-correio\/index.php?rest_route=\/wp\/v2\/posts\/33561\/revisions"}],"wp:featuredmedia":[{"embeddable":true,"href":"https:\/\/www.ocorreionews.com.br\/acervo-correio\/index.php?rest_route=\/wp\/v2\/media\/3843"}],"wp:attachment":[{"href":"https:\/\/www.ocorreionews.com.br\/acervo-correio\/index.php?rest_route=%2Fwp%2Fv2%2Fmedia&parent=33561"}],"wp:term":[{"taxonomy":"category","embeddable":true,"href":"https:\/\/www.ocorreionews.com.br\/acervo-correio\/index.php?rest_route=%2Fwp%2Fv2%2Fcategories&post=33561"},{"taxonomy":"post_tag","embeddable":true,"href":"https:\/\/www.ocorreionews.com.br\/acervo-correio\/index.php?rest_route=%2Fwp%2Fv2%2Ftags&post=33561"}],"curies":[{"name":"wp","href":"https:\/\/api.w.org\/{rel}","templated":true}]}}