{"id":33567,"date":"2016-08-17T13:14:27","date_gmt":"2016-08-17T17:14:27","guid":{"rendered":"https:\/\/ocorreionews.com.br\/?p=33567"},"modified":"2016-08-17T13:14:27","modified_gmt":"2016-08-17T17:14:27","slug":"pela-primeira-vez-direcao-da-fazenda-campo-bom-declara-apoio-a-candidato","status":"publish","type":"post","link":"https:\/\/www.ocorreionews.com.br\/acervo-correio\/?p=33567","title":{"rendered":"Pela primeira vez dire\u00e7\u00e3o da Fazenda Campo Bom declara apoio a candidato"},"content":{"rendered":"<p style=\"text-align: justify;\">O empres\u00e1rio Daniel Reuter da empresa Reichert Agropecu\u00e1ria Ltda, propriet\u00e1rio da FCB (Fazenda Campo Bom), abriu o voto em favor de Walter Schlatter e Claudiomar Bocalan para prefeito e vice &#8211; respectivamente &#8211; nas elei\u00e7\u00f5es de outubro.\u00a0 Com uma gigantesca sede que une dois estados (MS e GO) a empresa est\u00e1 entre as mais importantes do Brasil pela gera\u00e7\u00e3o de riqueza, renda e empregos. Os dois candidatos foram recebidos no escrit\u00f3rio central da FCB que pela primeira vez na hist\u00f3ria declina publicamente a posi\u00e7\u00e3o partid\u00e1ria num pleito sucess\u00f3rio em Chapad\u00e3o do Sul.<\/p>\n<p style=\"text-align: justify;\">Durante a manh\u00e3 desta quarta-feira Schlatter e Bocalan apresentaram \u00a0as a\u00e7\u00f5es da campanha que j\u00e1 est\u00e1 na rua com muita for\u00e7a. A dire\u00e7\u00e3o da FCB reuniu colaboradores no audit\u00f3rio para assistirem a apresenta\u00e7\u00e3o dos candidatos a vereadores das duas coliga\u00e7\u00f5es encabe\u00e7adas da frente pluripartid\u00e1ria liderada pelo PMDB. Os candidatos foram \u201csabatinados\u201d pelos funcion\u00e1rios da FCB e detalharam o projeto para o munic\u00edpio\u00a0 que defender\u00e3o nas urnas.<\/p>\n<p style=\"text-align: justify;\"><strong>APOIO IN\u00c9DITO<\/strong> \u2013 Daniel Reuter tamb\u00e9m destacou que abriu o voto por acreditar que os dois empres\u00e1rios s\u00e3o capazes de encaminhar solu\u00e7\u00f5es para a grave situa\u00e7\u00e3o econ\u00f4mica e social vivida pela popula\u00e7\u00e3o de Chapad\u00e3o do Sul.\u00a0 Ele considera muito positiva a capacidade empreendedora de Schlatter e Bocalan que s\u00e3o empres\u00e1rios bem sucedidos e com capacidade gerencial comprovada.<\/p>\n<p style=\"text-align: justify;\">J\u00e1 os funcion\u00e1rios da agropecu\u00e1ria n\u00e3o ser\u00e3o pressionados em votar no candidato do patr\u00e3o e est\u00e3o livres para analisar outras propostas. \u00a0\u00a0A campanha segue em franco crescimento nos bairros e no meio empresarial que acredita na implanta\u00e7\u00e3o de uma filosofia de trabalho empreendedora que mudou para melhor a gest\u00e3o p\u00fablica em outras cidades. V\u00e1rias visitas e reuni\u00f5es est\u00e3o agendadas para esta semana para acompanhar o ritmo cada vez mais intenso da campanha. (<strong>Assessoria de Comunica\u00e7\u00e3o<\/strong>)<\/p>\n","protected":false},"excerpt":{"rendered":"<p>O empres\u00e1rio Daniel Reuter da empresa Reichert Agropecu\u00e1ria Ltda, propriet\u00e1rio da FCB (Fazenda Campo Bom), abriu o voto em favor de Walter Schlatter e Claudiomar Bocalan para prefeito e vice &#8211; respectivamente &#8211; nas elei\u00e7\u00f5es de outubro.\u00a0 Com uma gigantesca sede que une dois estados (MS e GO) a empresa est\u00e1 entre as mais importantes [&hellip;]<\/p>\n","protected":false},"author":4,"featured_media":33568,"comment_status":"closed","ping_status":"closed","sticky":false,"template":"","format":"standard","meta":{"footnotes":""},"categories":[23],"tags":[],"class_list":["post-33567","post","type-post","status-publish","format-standard","has-post-thumbnail","hentry","category-chapadao-do-sul"],"_links":{"self":[{"href":"https:\/\/www.ocorreionews.com.br\/acervo-correio\/index.php?rest_route=\/wp\/v2\/posts\/33567","targetHints":{"allow":["GET"]}}],"collection":[{"href":"https:\/\/www.ocorreionews.com.br\/acervo-correio\/index.php?rest_route=\/wp\/v2\/posts"}],"about":[{"href":"https:\/\/www.ocorreionews.com.br\/acervo-correio\/index.php?rest_route=\/wp\/v2\/types\/post"}],"author":[{"embeddable":true,"href":"https:\/\/www.ocorreionews.com.br\/acervo-correio\/index.php?rest_route=\/wp\/v2\/users\/4"}],"replies":[{"embeddable":true,"href":"https:\/\/www.ocorreionews.com.br\/acervo-correio\/index.php?rest_route=%2Fwp%2Fv2%2Fcomments&post=33567"}],"version-history":[{"count":0,"href":"https:\/\/www.ocorreionews.com.br\/acervo-correio\/index.php?rest_route=\/wp\/v2\/posts\/33567\/revisions"}],"wp:featuredmedia":[{"embeddable":true,"href":"https:\/\/www.ocorreionews.com.br\/acervo-correio\/index.php?rest_route=\/wp\/v2\/media\/33568"}],"wp:attachment":[{"href":"https:\/\/www.ocorreionews.com.br\/acervo-correio\/index.php?rest_route=%2Fwp%2Fv2%2Fmedia&parent=33567"}],"wp:term":[{"taxonomy":"category","embeddable":true,"href":"https:\/\/www.ocorreionews.com.br\/acervo-correio\/index.php?rest_route=%2Fwp%2Fv2%2Fcategories&post=33567"},{"taxonomy":"post_tag","embeddable":true,"href":"https:\/\/www.ocorreionews.com.br\/acervo-correio\/index.php?rest_route=%2Fwp%2Fv2%2Ftags&post=33567"}],"curies":[{"name":"wp","href":"https:\/\/api.w.org\/{rel}","templated":true}]}}