{"id":33573,"date":"2016-08-17T14:10:30","date_gmt":"2016-08-17T18:10:30","guid":{"rendered":"https:\/\/ocorreionews.com.br\/?p=33573"},"modified":"2016-08-17T14:27:38","modified_gmt":"2016-08-17T18:27:38","slug":"assembleia-publica-pec-que-torna-todos-os-municipios-do-estado-em-sedes-de-comarcas","status":"publish","type":"post","link":"https:\/\/www.ocorreionews.com.br\/acervo-correio\/?p=33573","title":{"rendered":"Assembleia publica PEC que torna todos os munic\u00edpios do Estado em sedes de Comarcas"},"content":{"rendered":"<p>Uma emenda \u00e0 Constitui\u00e7\u00e3o Estadual, que torna todos os 79 munic\u00edpios de Mato Grosso do Sul sedes de Comarcas, foi aprovada pela Assembleia Legislativa. A proposta, de autoria do poder Executivo e aprovada tamb\u00e9m pelo desembargadores do \u00f3rg\u00e3o especial do TJ-MS (Tribunal de Justi\u00e7a de Mato Grosso do Sul), foi publicada nesta quarta-feira (17), no Di\u00e1rio Oficial do Estado.<\/p>\n<p>A emenda acrescenta o art. 112-A \u00e0 Constitui\u00e7\u00e3o do Estado de Mato Grosso do Sul, com o texto \u201cTodos os Munic\u00edpios do Estado de Mato Grosso do Sul ser\u00e3o sede de Comarca, na forma da Lei\u201d.<\/p>\n<p>Para o judici\u00e1rio, o objetivo da proposta \u00e9 \u00b4expandir o acesso do cidad\u00e3o sul-mato-grossense \u00e0 Justi\u00e7a, a fim de eliminar ou diminuir gradativamente a dist\u00e2ncia entre a popula\u00e7\u00e3o e o Poder Judici\u00e1rio\u00b4.<\/p>\n<p>Com a aprova\u00e7\u00e3o da proposta, os munic\u00edpios de <strong>Alcin\u00f3polis<\/strong>, Ant\u00f4nio Jo\u00e3o, Aral Moreira, Bodoquena, Caracol, Corguinho, Coronel Sapucaia, Douradina, <strong>Figueir\u00e3o<\/strong>, Guia Lopes da Laguna, Japor\u00e3, Jaraguari, Jate\u00ed, Juti, Lad\u00e1rio, Laguna Carap\u00e3, Novo Horizonte do Sul, <strong>Para\u00edso das \u00c1guas<\/strong>, Paranhos, Rochedo, Santa Rita do Pardo, Selv\u00edria, Tacuru, Taquarussu e Vicentina passar\u00e3o, gradativamente, a serem sedes de comarcas de primeira entr\u00e2ncia.<\/p>\n<p>Nessas novas comarcas que n\u00e3o possuem pr\u00e9dio de F\u00f3rum, a popula\u00e7\u00e3o dever\u00e1 ser atendida pela Vara da Justi\u00e7a Itinerante, que funcionar\u00e1 na Carreta da Justi\u00e7a, um servi\u00e7o m\u00f3vel que leva os servi\u00e7os da justi\u00e7a de primeira inst\u00e2ncia \u00e0s cidades do interior do Estado. Atualmente, o poder Judici\u00e1rio tem 54 comarcas em todo o Mato Grosso do Sul.<\/p>\n<p>&nbsp;<\/p>\n<p>&nbsp;<\/p>\n<p>Fonte: Midia Max &#8211; Foto Arquivo<\/p>\n<p>&nbsp;<\/p>\n","protected":false},"excerpt":{"rendered":"<p>Uma emenda \u00e0 Constitui\u00e7\u00e3o Estadual, que torna todos os 79 munic\u00edpios de Mato Grosso do Sul sedes de Comarcas, foi aprovada pela Assembleia Legislativa. A proposta, de autoria do poder Executivo e aprovada tamb\u00e9m pelo desembargadores do \u00f3rg\u00e3o especial do TJ-MS (Tribunal de Justi\u00e7a de Mato Grosso do Sul), foi publicada nesta quarta-feira (17), no [&hellip;]<\/p>\n","protected":false},"author":4,"featured_media":31750,"comment_status":"closed","ping_status":"closed","sticky":false,"template":"","format":"standard","meta":{"footnotes":""},"categories":[18,30,36],"tags":[],"class_list":["post-33573","post","type-post","status-publish","format-standard","has-post-thumbnail","hentry","category-alcinopolis","category-figueirao","category-paraiso-das-aguas"],"_links":{"self":[{"href":"https:\/\/www.ocorreionews.com.br\/acervo-correio\/index.php?rest_route=\/wp\/v2\/posts\/33573","targetHints":{"allow":["GET"]}}],"collection":[{"href":"https:\/\/www.ocorreionews.com.br\/acervo-correio\/index.php?rest_route=\/wp\/v2\/posts"}],"about":[{"href":"https:\/\/www.ocorreionews.com.br\/acervo-correio\/index.php?rest_route=\/wp\/v2\/types\/post"}],"author":[{"embeddable":true,"href":"https:\/\/www.ocorreionews.com.br\/acervo-correio\/index.php?rest_route=\/wp\/v2\/users\/4"}],"replies":[{"embeddable":true,"href":"https:\/\/www.ocorreionews.com.br\/acervo-correio\/index.php?rest_route=%2Fwp%2Fv2%2Fcomments&post=33573"}],"version-history":[{"count":0,"href":"https:\/\/www.ocorreionews.com.br\/acervo-correio\/index.php?rest_route=\/wp\/v2\/posts\/33573\/revisions"}],"wp:featuredmedia":[{"embeddable":true,"href":"https:\/\/www.ocorreionews.com.br\/acervo-correio\/index.php?rest_route=\/wp\/v2\/media\/31750"}],"wp:attachment":[{"href":"https:\/\/www.ocorreionews.com.br\/acervo-correio\/index.php?rest_route=%2Fwp%2Fv2%2Fmedia&parent=33573"}],"wp:term":[{"taxonomy":"category","embeddable":true,"href":"https:\/\/www.ocorreionews.com.br\/acervo-correio\/index.php?rest_route=%2Fwp%2Fv2%2Fcategories&post=33573"},{"taxonomy":"post_tag","embeddable":true,"href":"https:\/\/www.ocorreionews.com.br\/acervo-correio\/index.php?rest_route=%2Fwp%2Fv2%2Ftags&post=33573"}],"curies":[{"name":"wp","href":"https:\/\/api.w.org\/{rel}","templated":true}]}}