{"id":33577,"date":"2016-08-17T14:16:44","date_gmt":"2016-08-17T18:16:44","guid":{"rendered":"https:\/\/ocorreionews.com.br\/?p=33577"},"modified":"2016-08-17T14:53:31","modified_gmt":"2016-08-17T18:53:31","slug":"conta-de-luz-deve-voltar-a-ter-sobretaxa-a-partir-de-setembro","status":"publish","type":"post","link":"https:\/\/www.ocorreionews.com.br\/acervo-correio\/?p=33577","title":{"rendered":"Conta de luz deve voltar a ter sobretaxa a partir de setembro"},"content":{"rendered":"<div class=\"div-texto\">\n<p>A falta de chuvas e uma queda menor no consumo de energia devem fazer com que as contas de luz voltem a ter bandeira amarela a partir de setembro. A cada 100 quilowatts-hora (kWh) consumidos ser\u00e1 cobrada uma taxa extra de R$ 1,50. Desde abril, a bandeira est\u00e1 no n\u00edvel verde, em que n\u00e3o h\u00e1 taxa extra nas contas. O sistema existe desde o in\u00edcio de 2015 para indicar aos consumidores que as condi\u00e7\u00f5es de gera\u00e7\u00e3o, por falta de chuvas ou outros motivos, est\u00e1 mais restrita. A inten\u00e7\u00e3o \u00e9 que esta indica\u00e7\u00e3o leve os clientes a reduzirem o consumo, colaborando para o retorno da gera\u00e7\u00e3o de energia aos custos mais baixos.<\/p>\n<p>H\u00e1 tr\u00eas elementos principais que apontam para a retomada da bandeira amarela em setembro. O primeiro \u00e9 que os meses de setembro e outubro s\u00e3o mais secos. O n\u00edvel menor dos reservat\u00f3rios das hidrel\u00e9tricas exige mais das t\u00e9rmicas, o que leva o custo m\u00e9dio da gera\u00e7\u00e3o da energia a subir. Outro argumento para se revisar a bandeira \u00e9 o aumento do consumo projetado para o ano. Desde maio, o consumo de energia no pa\u00eds vem superando as proje\u00e7\u00f5es anteriores. Assim, uma necessidade de consumo maior do que a previs\u00e3o anterior colabora com a indica\u00e7\u00e3o de poss\u00edvel escassez de energia.<\/p>\n<p>O \u00faltimo elemento que mostra mudan\u00e7a da bandeira \u00e9 a situa\u00e7\u00e3o dos reservat\u00f3rios nos sistemas Norte e Nordeste. As condi\u00e7\u00f5es do rio S\u00e3o Francisco e do Tucuru\u00ed est\u00e3o cr\u00edticas.<\/p>\n<p>&nbsp;<\/p>\n<p><em>*Da Ag\u00eancia CNM, com informa\u00e7\u00f5es do Globo<\/em><\/p>\n<\/div>\n","protected":false},"excerpt":{"rendered":"<p>A falta de chuvas e uma queda menor no consumo de energia devem fazer com que as contas de luz voltem a ter bandeira amarela a partir de setembro. A cada 100 quilowatts-hora (kWh) consumidos ser\u00e1 cobrada uma taxa extra de R$ 1,50. Desde abril, a bandeira est\u00e1 no n\u00edvel verde, em que n\u00e3o h\u00e1 [&hellip;]<\/p>\n","protected":false},"author":4,"featured_media":14335,"comment_status":"closed","ping_status":"closed","sticky":false,"template":"","format":"standard","meta":{"footnotes":""},"categories":[26],"tags":[],"class_list":["post-33577","post","type-post","status-publish","format-standard","has-post-thumbnail","hentry","category-economia"],"_links":{"self":[{"href":"https:\/\/www.ocorreionews.com.br\/acervo-correio\/index.php?rest_route=\/wp\/v2\/posts\/33577","targetHints":{"allow":["GET"]}}],"collection":[{"href":"https:\/\/www.ocorreionews.com.br\/acervo-correio\/index.php?rest_route=\/wp\/v2\/posts"}],"about":[{"href":"https:\/\/www.ocorreionews.com.br\/acervo-correio\/index.php?rest_route=\/wp\/v2\/types\/post"}],"author":[{"embeddable":true,"href":"https:\/\/www.ocorreionews.com.br\/acervo-correio\/index.php?rest_route=\/wp\/v2\/users\/4"}],"replies":[{"embeddable":true,"href":"https:\/\/www.ocorreionews.com.br\/acervo-correio\/index.php?rest_route=%2Fwp%2Fv2%2Fcomments&post=33577"}],"version-history":[{"count":0,"href":"https:\/\/www.ocorreionews.com.br\/acervo-correio\/index.php?rest_route=\/wp\/v2\/posts\/33577\/revisions"}],"wp:featuredmedia":[{"embeddable":true,"href":"https:\/\/www.ocorreionews.com.br\/acervo-correio\/index.php?rest_route=\/wp\/v2\/media\/14335"}],"wp:attachment":[{"href":"https:\/\/www.ocorreionews.com.br\/acervo-correio\/index.php?rest_route=%2Fwp%2Fv2%2Fmedia&parent=33577"}],"wp:term":[{"taxonomy":"category","embeddable":true,"href":"https:\/\/www.ocorreionews.com.br\/acervo-correio\/index.php?rest_route=%2Fwp%2Fv2%2Fcategories&post=33577"},{"taxonomy":"post_tag","embeddable":true,"href":"https:\/\/www.ocorreionews.com.br\/acervo-correio\/index.php?rest_route=%2Fwp%2Fv2%2Ftags&post=33577"}],"curies":[{"name":"wp","href":"https:\/\/api.w.org\/{rel}","templated":true}]}}