{"id":3407,"date":"2015-06-08T10:48:09","date_gmt":"2015-06-08T14:48:09","guid":{"rendered":"https:\/\/ocorreionews.com.br\/?p=3407"},"modified":"2015-06-08T10:50:01","modified_gmt":"2015-06-08T14:50:01","slug":"sucesso-da-23a-exposul-corou-o-trabalho-da-diretoria-do-sindicato","status":"publish","type":"post","link":"https:\/\/www.ocorreionews.com.br\/acervo-correio\/?p=3407","title":{"rendered":"Sucesso da 23\u00aa Exposul coroou o trabalho da diretoria do Sindicato."},"content":{"rendered":"<p>Sucesso da 23\u00aa Exposul consolidou o trabalho da diretoria do Sindicato Rural, que sempre esteve empenhada em mostrar a potencial do agroneg\u00f3cio do munic\u00edpio. A compensa\u00e7\u00e3o de todo esses esfor\u00e7o coletivo, veio atrav\u00e9s da participa\u00e7\u00e3o de v\u00e1rias empresas, expondo as mais modernas m\u00e1quinas e equipamentos agr\u00edcolas, os novos lan\u00e7amentos de ve\u00edculos e motos das diversas marcas.<\/p>\n<p>A diretoria do Sindicato mais uma vez acertou na escolha dos shows, das palestras, leil\u00f5es, todos de alto nivel, que agradou a todos os participantes.<\/p>\n<p>O rodeio, um marco referencial da festa, mais uma vez teve a presen\u00e7a de renomados pe\u00f5es, de boaidas de alto nivel, que elevou ainda mais o nivel da disputa das premia\u00e7\u00f5es.<\/p>\n<p>&nbsp;<\/p>\n<figure id=\"attachment_3410\" aria-describedby=\"caption-attachment-3410\" style=\"width: 800px\" class=\"wp-caption alignnone\"><a href=\"https:\/\/ocorreionews.com.br\/wp-content\/uploads\/2015\/06\/exposul-222.jpg\"><img loading=\"lazy\" decoding=\"async\" class=\"size-full wp-image-3410\" src=\"https:\/\/ocorreionews.com.br\/wp-content\/uploads\/2015\/06\/exposul-222.jpg\" alt=\"DCIM106GOPRO\" width=\"800\" height=\"600\" srcset=\"https:\/\/www.ocorreionews.com.br\/acervo-correio\/wp-content\/uploads\/2015\/06\/exposul-222.jpg 800w, https:\/\/www.ocorreionews.com.br\/acervo-correio\/wp-content\/uploads\/2015\/06\/exposul-222-300x225.jpg 300w, https:\/\/www.ocorreionews.com.br\/acervo-correio\/wp-content\/uploads\/2015\/06\/exposul-222-100x75.jpg 100w\" sizes=\"auto, (max-width: 800px) 100vw, 800px\" \/><\/a><figcaption id=\"caption-attachment-3410\" class=\"wp-caption-text\">DCIM106GOPRO<\/figcaption><\/figure>\n<p>A popula\u00e7\u00e3o mais uma vez participou maci\u00e7amente. O show do \u201cCabar\u00e9\u201d, com Leonardo e Eduardo Costar, foi o record de p\u00fablico, de toda a Exposul.<\/p>\n<p>Muito emocionado no final da festa, o presidente em nome da diretoria, agradeceu a todos os participantes, os patrocinadores e finalizou dizendo: \u201cQuero ver algu\u00e9m trabalhar 20 anos dedicados a comunidade sem receber nada em troca, quero que essas pessoas que me criticam, que falam da nossa diretoria, fazer o que n\u00f3s fazemos\u201d finalizou o presidente Rudimar Borgelt, referindo as criticas que s\u00e3o direcionadas a sua pessoa e a diretoria<\/p>\n","protected":false},"excerpt":{"rendered":"<p>Sucesso da 23\u00aa Exposul consolidou o trabalho da diretoria do Sindicato Rural, que sempre esteve empenhada em mostrar a potencial do agroneg\u00f3cio do munic\u00edpio. A compensa\u00e7\u00e3o de todo esses esfor\u00e7o coletivo, veio atrav\u00e9s da participa\u00e7\u00e3o de v\u00e1rias empresas, expondo as mais modernas m\u00e1quinas e equipamentos agr\u00edcolas, os novos lan\u00e7amentos de ve\u00edculos e motos das diversas [&hellip;]<\/p>\n","protected":false},"author":4,"featured_media":3409,"comment_status":"closed","ping_status":"closed","sticky":false,"template":"","format":"standard","meta":{"footnotes":""},"categories":[23],"tags":[],"class_list":["post-3407","post","type-post","status-publish","format-standard","has-post-thumbnail","hentry","category-chapadao-do-sul"],"_links":{"self":[{"href":"https:\/\/www.ocorreionews.com.br\/acervo-correio\/index.php?rest_route=\/wp\/v2\/posts\/3407","targetHints":{"allow":["GET"]}}],"collection":[{"href":"https:\/\/www.ocorreionews.com.br\/acervo-correio\/index.php?rest_route=\/wp\/v2\/posts"}],"about":[{"href":"https:\/\/www.ocorreionews.com.br\/acervo-correio\/index.php?rest_route=\/wp\/v2\/types\/post"}],"author":[{"embeddable":true,"href":"https:\/\/www.ocorreionews.com.br\/acervo-correio\/index.php?rest_route=\/wp\/v2\/users\/4"}],"replies":[{"embeddable":true,"href":"https:\/\/www.ocorreionews.com.br\/acervo-correio\/index.php?rest_route=%2Fwp%2Fv2%2Fcomments&post=3407"}],"version-history":[{"count":0,"href":"https:\/\/www.ocorreionews.com.br\/acervo-correio\/index.php?rest_route=\/wp\/v2\/posts\/3407\/revisions"}],"wp:featuredmedia":[{"embeddable":true,"href":"https:\/\/www.ocorreionews.com.br\/acervo-correio\/index.php?rest_route=\/wp\/v2\/media\/3409"}],"wp:attachment":[{"href":"https:\/\/www.ocorreionews.com.br\/acervo-correio\/index.php?rest_route=%2Fwp%2Fv2%2Fmedia&parent=3407"}],"wp:term":[{"taxonomy":"category","embeddable":true,"href":"https:\/\/www.ocorreionews.com.br\/acervo-correio\/index.php?rest_route=%2Fwp%2Fv2%2Fcategories&post=3407"},{"taxonomy":"post_tag","embeddable":true,"href":"https:\/\/www.ocorreionews.com.br\/acervo-correio\/index.php?rest_route=%2Fwp%2Fv2%2Ftags&post=3407"}],"curies":[{"name":"wp","href":"https:\/\/api.w.org\/{rel}","templated":true}]}}