{"id":3426,"date":"2015-06-08T12:16:59","date_gmt":"2015-06-08T16:16:59","guid":{"rendered":"https:\/\/ocorreionews.com.br\/?p=3426"},"modified":"2015-06-08T12:16:59","modified_gmt":"2015-06-08T16:16:59","slug":"apos-discussao-filho-mata-o-pai-a-golpes-de-foice-em-fazenda","status":"publish","type":"post","link":"https:\/\/www.ocorreionews.com.br\/acervo-correio\/?p=3426","title":{"rendered":"Ap\u00f3s discuss\u00e3o, filho mata o pai a golpes de foice em fazenda"},"content":{"rendered":"<p>Uma briga entre pai e filho teria motivado um homic\u00eddio no munic\u00edpio de Sidrol\u00e2ndia, no Interior do Estado. Segundo informa\u00e7\u00f5es do site Regi\u00e3o News, o trabalhador rural Abadio Eug\u00eanio, de 57 anos, teria sido morto por volta das 21 horas deste s\u00e1bado (6), depois de receber golpes de foice do filho, identificado at\u00e9 o momento apenas como Valdo, de 23 anos.<\/p>\n<p>O crime teria ocorrido no distrito de Quebra Coco, na divisa com o munic\u00edpio de Dois Irm\u00e3os do Buriti. Abadio e o filho estavam em uma fazenda da regi\u00e3o fazendo cercas de arame.<\/p>\n<p>De acordo com testemunhas, ap\u00f3s uma discuss\u00e3o por motivos que est\u00e3o sendo investigados, Valdo teria desferiu golpes de foice contra o pai \u201cOs policiais disseram que com a for\u00e7a das pancadas o cabo da foice chegou a quebrar\u201d, relata a testemunha, Rafael Brites de 27 anos.<\/p>\n<p>Ap\u00f3s tirar a vida do pai e ainda muito alterado, o jovem teria se deslocou at\u00e9 a resid\u00eancia do caseiro Jos\u00e9 Gomes de Freitas, que conseguiu se trancar em um quarto. Com medo, Jos\u00e9 permaneceu trancado at\u00e9 as 7 horas deste domingo (7), hor\u00e1rio em que teria constatou a morte do trabalhador e em seguida acionou a equipe da pol\u00edcia. Neste intervalo, o suspeito teria fugido do local levando o celular e certa quantia em dinheiro do caseiro.<\/p>\n<p>Especula\u00e7\u00f5es de populares levantam a hip\u00f3tese de que o crime teria acontecido em virtude da disputa por um autom\u00f3vel\u00a0pick-up\u00a0Chevrolet\u00a0Montana, adquirido por pai e filho na \u00faltima quinta-feira (4), por\u00e9m, a pol\u00edcia n\u00e3o confirma os boatos<\/p>\n<div class=\"autor\">Clayton Neves<\/div>\n<div class=\"site\">Regi\u00e3onews<\/div>\n","protected":false},"excerpt":{"rendered":"<p>Uma briga entre pai e filho teria motivado um homic\u00eddio no munic\u00edpio de Sidrol\u00e2ndia, no Interior do Estado. Segundo informa\u00e7\u00f5es do site Regi\u00e3o News, o trabalhador rural Abadio Eug\u00eanio, de 57 anos, teria sido morto por volta das 21 horas deste s\u00e1bado (6), depois de receber golpes de foice do filho, identificado at\u00e9 o momento [&hellip;]<\/p>\n","protected":false},"author":4,"featured_media":3427,"comment_status":"closed","ping_status":"closed","sticky":false,"template":"","format":"standard","meta":{"footnotes":""},"categories":[38],"tags":[],"class_list":["post-3426","post","type-post","status-publish","format-standard","has-post-thumbnail","hentry","category-policia"],"_links":{"self":[{"href":"https:\/\/www.ocorreionews.com.br\/acervo-correio\/index.php?rest_route=\/wp\/v2\/posts\/3426","targetHints":{"allow":["GET"]}}],"collection":[{"href":"https:\/\/www.ocorreionews.com.br\/acervo-correio\/index.php?rest_route=\/wp\/v2\/posts"}],"about":[{"href":"https:\/\/www.ocorreionews.com.br\/acervo-correio\/index.php?rest_route=\/wp\/v2\/types\/post"}],"author":[{"embeddable":true,"href":"https:\/\/www.ocorreionews.com.br\/acervo-correio\/index.php?rest_route=\/wp\/v2\/users\/4"}],"replies":[{"embeddable":true,"href":"https:\/\/www.ocorreionews.com.br\/acervo-correio\/index.php?rest_route=%2Fwp%2Fv2%2Fcomments&post=3426"}],"version-history":[{"count":0,"href":"https:\/\/www.ocorreionews.com.br\/acervo-correio\/index.php?rest_route=\/wp\/v2\/posts\/3426\/revisions"}],"wp:featuredmedia":[{"embeddable":true,"href":"https:\/\/www.ocorreionews.com.br\/acervo-correio\/index.php?rest_route=\/wp\/v2\/media\/3427"}],"wp:attachment":[{"href":"https:\/\/www.ocorreionews.com.br\/acervo-correio\/index.php?rest_route=%2Fwp%2Fv2%2Fmedia&parent=3426"}],"wp:term":[{"taxonomy":"category","embeddable":true,"href":"https:\/\/www.ocorreionews.com.br\/acervo-correio\/index.php?rest_route=%2Fwp%2Fv2%2Fcategories&post=3426"},{"taxonomy":"post_tag","embeddable":true,"href":"https:\/\/www.ocorreionews.com.br\/acervo-correio\/index.php?rest_route=%2Fwp%2Fv2%2Ftags&post=3426"}],"curies":[{"name":"wp","href":"https:\/\/api.w.org\/{rel}","templated":true}]}}