{"id":3429,"date":"2015-06-08T12:20:02","date_gmt":"2015-06-08T16:20:02","guid":{"rendered":"https:\/\/ocorreionews.com.br\/?p=3429"},"modified":"2015-06-08T12:20:02","modified_gmt":"2015-06-08T16:20:02","slug":"motociclista-que-seguia-de-clube-para-o-trabalho-morre-carbonizada","status":"publish","type":"post","link":"https:\/\/www.ocorreionews.com.br\/acervo-correio\/?p=3429","title":{"rendered":"Motociclista que seguia de clube para o trabalho morre carbonizada"},"content":{"rendered":"<div>\u00a0A agente de sa\u00fade Luana Coelho, de 22 anos, morreu em uma colis\u00e3o com um caminh\u00e3o na Avenida Her\u00e1clito Diniz, prolongamento da Avenida Ernesto Geisel, nos fundos do Bairro Estrela do Sul, regi\u00e3o norte de Campo Grande.<\/div>\n<p>Por volta das 5h40, a motociclista seguia em uma moto Yamaha Factor pela avenida, sentido centro\/bairro, quando saiu da pista e colidiu com um caminh\u00e3o basculante, placas GUQ-9408, de Ponta Grossa (PR), que vinha no sentido contr\u00e1rio, conduzido por Sidnei Coelho Vieira, de 36 anos.<\/p>\n<p>Segundo o motorista do caminh\u00e3o, ele seguia pela via quando a motociclista saiu da pista e entrou repentinamente em sua frente. Com o impacto, a moto pegou fogo e o caminhoneiro ainda tentou apagar as chamas, mas o ve\u00edculo ficou carbonizado.<\/p>\n<p><img loading=\"lazy\" decoding=\"async\" src=\"http:\/\/www.agoranews.com.br\/images\/14%2842%29.jpg\" alt=\"\" width=\"333\" height=\"333\" \/><\/p>\n<p>Foto: Reprodu\u00e7\u00e3o\/Facebook<\/p>\n<p>Luana bateu a cabe\u00e7a no para-brisa, teve morte instant\u00e2nea e a perna ficou carbonizada. De acordo com o marido da v\u00edtima, ela tinha acabado de sair de um clube e estava a caminho do trabalho.<\/p>\n<p>O delegado plantonista da Depac (Delegacia de Pronto Atendimento Comunit\u00e1rio) Centro, Tiago Macedo, disse que o acidente ser\u00e1 registrado como morte a esclarecer.<\/p>\n<p><img loading=\"lazy\" decoding=\"async\" src=\"http:\/\/www.midiamax.com.br\/sites\/default\/files\/styles\/mm_full1\/public\/arquivos\/fotos\/unnamed_2_45.jpg?itok=3MQ4T4wI\" alt=\"\" width=\"620\" height=\"458\" \/><\/p>\n<p>Midiamax<\/p>\n","protected":false},"excerpt":{"rendered":"<p>\u00a0A agente de sa\u00fade Luana Coelho, de 22 anos, morreu em uma colis\u00e3o com um caminh\u00e3o na Avenida Her\u00e1clito Diniz, prolongamento da Avenida Ernesto Geisel, nos fundos do Bairro Estrela do Sul, regi\u00e3o norte de Campo Grande. Por volta das 5h40, a motociclista seguia em uma moto Yamaha Factor pela avenida, sentido centro\/bairro, quando saiu [&hellip;]<\/p>\n","protected":false},"author":4,"featured_media":3430,"comment_status":"closed","ping_status":"closed","sticky":false,"template":"","format":"standard","meta":{"footnotes":""},"categories":[38],"tags":[],"class_list":["post-3429","post","type-post","status-publish","format-standard","has-post-thumbnail","hentry","category-policia"],"_links":{"self":[{"href":"https:\/\/www.ocorreionews.com.br\/acervo-correio\/index.php?rest_route=\/wp\/v2\/posts\/3429","targetHints":{"allow":["GET"]}}],"collection":[{"href":"https:\/\/www.ocorreionews.com.br\/acervo-correio\/index.php?rest_route=\/wp\/v2\/posts"}],"about":[{"href":"https:\/\/www.ocorreionews.com.br\/acervo-correio\/index.php?rest_route=\/wp\/v2\/types\/post"}],"author":[{"embeddable":true,"href":"https:\/\/www.ocorreionews.com.br\/acervo-correio\/index.php?rest_route=\/wp\/v2\/users\/4"}],"replies":[{"embeddable":true,"href":"https:\/\/www.ocorreionews.com.br\/acervo-correio\/index.php?rest_route=%2Fwp%2Fv2%2Fcomments&post=3429"}],"version-history":[{"count":0,"href":"https:\/\/www.ocorreionews.com.br\/acervo-correio\/index.php?rest_route=\/wp\/v2\/posts\/3429\/revisions"}],"wp:featuredmedia":[{"embeddable":true,"href":"https:\/\/www.ocorreionews.com.br\/acervo-correio\/index.php?rest_route=\/wp\/v2\/media\/3430"}],"wp:attachment":[{"href":"https:\/\/www.ocorreionews.com.br\/acervo-correio\/index.php?rest_route=%2Fwp%2Fv2%2Fmedia&parent=3429"}],"wp:term":[{"taxonomy":"category","embeddable":true,"href":"https:\/\/www.ocorreionews.com.br\/acervo-correio\/index.php?rest_route=%2Fwp%2Fv2%2Fcategories&post=3429"},{"taxonomy":"post_tag","embeddable":true,"href":"https:\/\/www.ocorreionews.com.br\/acervo-correio\/index.php?rest_route=%2Fwp%2Fv2%2Ftags&post=3429"}],"curies":[{"name":"wp","href":"https:\/\/api.w.org\/{rel}","templated":true}]}}