{"id":3434,"date":"2015-06-08T13:42:47","date_gmt":"2015-06-08T17:42:47","guid":{"rendered":"https:\/\/ocorreionews.com.br\/?p=3434"},"modified":"2015-06-08T13:42:47","modified_gmt":"2015-06-08T17:42:47","slug":"prefeitura-promove-reuniao-com-produtores-rurais-nesta-terca-feira","status":"publish","type":"post","link":"https:\/\/www.ocorreionews.com.br\/acervo-correio\/?p=3434","title":{"rendered":"Prefeitura promove reuni\u00e3o com Produtores Rurais nesta ter\u00e7a-feira"},"content":{"rendered":"<p><span style=\"font-family: helvetica; font-size: small;\">A Prefeitura de Para\u00edso das \u00c1guas, atrav\u00e9s da Secretaria Municipal de Fomento ao Desenvolvimento, convida os Produtores Rurais do munic\u00edpio, a participarem de uma importante reuni\u00e3o para a\u00a0poss\u00edvel\u00a0instala\u00e7\u00e3o \u00a0da feira livre no munic\u00edpio de Para\u00edso das \u00c1guas.<\/span><\/p>\n<div><span style=\"font-family: helvetica; font-size: small;\">A reuni\u00e3o ser\u00e1 realizada nesta ter\u00e7a-feira, \u00e0s 14h, no Plen\u00e1rio da C\u00e2mara Municipal de Para\u00edso das \u00c1guas.<\/span><\/div>\n","protected":false},"excerpt":{"rendered":"<p>A Prefeitura de Para\u00edso das \u00c1guas, atrav\u00e9s da Secretaria Municipal de Fomento ao Desenvolvimento, convida os Produtores Rurais do munic\u00edpio, a participarem de uma importante reuni\u00e3o para a\u00a0poss\u00edvel\u00a0instala\u00e7\u00e3o \u00a0da feira livre no munic\u00edpio de Para\u00edso das \u00c1guas. A reuni\u00e3o ser\u00e1 realizada nesta ter\u00e7a-feira, \u00e0s 14h, no Plen\u00e1rio da C\u00e2mara Municipal de Para\u00edso das \u00c1guas.<\/p>\n","protected":false},"author":4,"featured_media":3435,"comment_status":"closed","ping_status":"closed","sticky":false,"template":"","format":"standard","meta":{"footnotes":""},"categories":[36],"tags":[],"class_list":["post-3434","post","type-post","status-publish","format-standard","has-post-thumbnail","hentry","category-paraiso-das-aguas"],"_links":{"self":[{"href":"https:\/\/www.ocorreionews.com.br\/acervo-correio\/index.php?rest_route=\/wp\/v2\/posts\/3434","targetHints":{"allow":["GET"]}}],"collection":[{"href":"https:\/\/www.ocorreionews.com.br\/acervo-correio\/index.php?rest_route=\/wp\/v2\/posts"}],"about":[{"href":"https:\/\/www.ocorreionews.com.br\/acervo-correio\/index.php?rest_route=\/wp\/v2\/types\/post"}],"author":[{"embeddable":true,"href":"https:\/\/www.ocorreionews.com.br\/acervo-correio\/index.php?rest_route=\/wp\/v2\/users\/4"}],"replies":[{"embeddable":true,"href":"https:\/\/www.ocorreionews.com.br\/acervo-correio\/index.php?rest_route=%2Fwp%2Fv2%2Fcomments&post=3434"}],"version-history":[{"count":0,"href":"https:\/\/www.ocorreionews.com.br\/acervo-correio\/index.php?rest_route=\/wp\/v2\/posts\/3434\/revisions"}],"wp:featuredmedia":[{"embeddable":true,"href":"https:\/\/www.ocorreionews.com.br\/acervo-correio\/index.php?rest_route=\/wp\/v2\/media\/3435"}],"wp:attachment":[{"href":"https:\/\/www.ocorreionews.com.br\/acervo-correio\/index.php?rest_route=%2Fwp%2Fv2%2Fmedia&parent=3434"}],"wp:term":[{"taxonomy":"category","embeddable":true,"href":"https:\/\/www.ocorreionews.com.br\/acervo-correio\/index.php?rest_route=%2Fwp%2Fv2%2Fcategories&post=3434"},{"taxonomy":"post_tag","embeddable":true,"href":"https:\/\/www.ocorreionews.com.br\/acervo-correio\/index.php?rest_route=%2Fwp%2Fv2%2Ftags&post=3434"}],"curies":[{"name":"wp","href":"https:\/\/api.w.org\/{rel}","templated":true}]}}