{"id":3438,"date":"2015-06-08T13:45:16","date_gmt":"2015-06-08T17:45:16","guid":{"rendered":"https:\/\/ocorreionews.com.br\/?p=3438"},"modified":"2015-06-08T13:52:30","modified_gmt":"2015-06-08T17:52:30","slug":"rubens-catenacci-sera-um-dos-palestrantes-do-maior-evento-latino-americano-da-pecuaria-de-corte","status":"publish","type":"post","link":"https:\/\/www.ocorreionews.com.br\/acervo-correio\/?p=3438","title":{"rendered":"Rubens Catenacci ser\u00e1 um dos palestrantes do maior evento latino americano da pecu\u00e1ria de corte."},"content":{"rendered":"<p>O evento que ocorrer\u00e1 nos dias 21 e 22 de outubro, re\u00fane conhecimento, relacionamento, festa, palestras de gest\u00e3o e inova\u00e7\u00e3o tecnol\u00f3gica no mesmo ambiente. Os maiores especialistas da \u00e1rea cient\u00edfica, de mercado, de gest\u00e3o e de novas tecnologias d\u00e3o palestras sobre diversos assuntos.<\/p>\n<p>A sede do evento ser\u00e1 o Hotel Recanto Cataratas Thermas Resort &amp; Convention na cidade de Foz do Igua\u00e7u, estado do Paran\u00e1. O hotel foi escolhido devido \u00e0 sua localiza\u00e7\u00e3o estrat\u00e9gica, pr\u00f3ximo a produtores e \u00e0s fronteiras com outros pa\u00edses, como Argentina e Paraguai, al\u00e9m da grande infraestrutura tur\u00edstica oferecida, abrindo as portas para que pessoas de toda a Am\u00e9rica Latina estejam presentes.<\/p>\n<p>Rubens Catenacci concluiu um curso t\u00e9cnico de Contabilidade na Escola T\u00e9cnica de Com\u00e9rcio anexa \u00e0 Faculdade de Direito da Universidade Federal do Paran\u00e1 e possui bacharel em Direito pela Faculdade de Direito de Curitiba. Em 1989 passou a integrar a Fazenda 3R no Munic\u00edpio de Figueir\u00e3o, e entre 1998 e 2002 foi presidente da Acricam \u2013 Associa\u00e7\u00e3o dos Criadores de Camapu\u00e3, cuja gest\u00e3o foi respons\u00e1vel pela transforma\u00e7\u00e3o e reconhecimento nacional da associa\u00e7\u00e3o.<\/p>\n<p>&nbsp;<\/p>\n<div class=\"clear\"><\/div>\n<div class=\"fonte\">Fonte: MS TODO DIA<\/div>\n","protected":false},"excerpt":{"rendered":"<p>O evento que ocorrer\u00e1 nos dias 21 e 22 de outubro, re\u00fane conhecimento, relacionamento, festa, palestras de gest\u00e3o e inova\u00e7\u00e3o tecnol\u00f3gica no mesmo ambiente. Os maiores especialistas da \u00e1rea cient\u00edfica, de mercado, de gest\u00e3o e de novas tecnologias d\u00e3o palestras sobre diversos assuntos. A sede do evento ser\u00e1 o Hotel Recanto Cataratas Thermas Resort &amp; [&hellip;]<\/p>\n","protected":false},"author":4,"featured_media":3444,"comment_status":"closed","ping_status":"closed","sticky":false,"template":"","format":"standard","meta":{"footnotes":""},"categories":[41,30],"tags":[],"class_list":["post-3438","post","type-post","status-publish","format-standard","has-post-thumbnail","hentry","category-destaque","category-figueirao"],"_links":{"self":[{"href":"https:\/\/www.ocorreionews.com.br\/acervo-correio\/index.php?rest_route=\/wp\/v2\/posts\/3438","targetHints":{"allow":["GET"]}}],"collection":[{"href":"https:\/\/www.ocorreionews.com.br\/acervo-correio\/index.php?rest_route=\/wp\/v2\/posts"}],"about":[{"href":"https:\/\/www.ocorreionews.com.br\/acervo-correio\/index.php?rest_route=\/wp\/v2\/types\/post"}],"author":[{"embeddable":true,"href":"https:\/\/www.ocorreionews.com.br\/acervo-correio\/index.php?rest_route=\/wp\/v2\/users\/4"}],"replies":[{"embeddable":true,"href":"https:\/\/www.ocorreionews.com.br\/acervo-correio\/index.php?rest_route=%2Fwp%2Fv2%2Fcomments&post=3438"}],"version-history":[{"count":0,"href":"https:\/\/www.ocorreionews.com.br\/acervo-correio\/index.php?rest_route=\/wp\/v2\/posts\/3438\/revisions"}],"wp:featuredmedia":[{"embeddable":true,"href":"https:\/\/www.ocorreionews.com.br\/acervo-correio\/index.php?rest_route=\/wp\/v2\/media\/3444"}],"wp:attachment":[{"href":"https:\/\/www.ocorreionews.com.br\/acervo-correio\/index.php?rest_route=%2Fwp%2Fv2%2Fmedia&parent=3438"}],"wp:term":[{"taxonomy":"category","embeddable":true,"href":"https:\/\/www.ocorreionews.com.br\/acervo-correio\/index.php?rest_route=%2Fwp%2Fv2%2Fcategories&post=3438"},{"taxonomy":"post_tag","embeddable":true,"href":"https:\/\/www.ocorreionews.com.br\/acervo-correio\/index.php?rest_route=%2Fwp%2Fv2%2Ftags&post=3438"}],"curies":[{"name":"wp","href":"https:\/\/api.w.org\/{rel}","templated":true}]}}