{"id":3446,"date":"2015-06-08T14:34:21","date_gmt":"2015-06-08T18:34:21","guid":{"rendered":"https:\/\/ocorreionews.com.br\/?p=3446"},"modified":"2015-06-08T14:34:21","modified_gmt":"2015-06-08T18:34:21","slug":"presidente-marcos-navarini-divulga-investimentos-em-ubs-01-ragagnin-e-ubs-04-acalanto","status":"publish","type":"post","link":"https:\/\/www.ocorreionews.com.br\/acervo-correio\/?p=3446","title":{"rendered":"Presidente Marcos Navarini divulga investimentos em UBS 01 Ragagnin e UBS 04 Acalanto"},"content":{"rendered":"<p style=\"text-align: justify;\">Na Sess\u00e3o Ordin\u00e1ria realizada no dia 01 de junho, segunda feira, o Presidente do Poder Legislativo apresentou a popula\u00e7\u00e3o os valores investidos pelo Governo Federal e Municipal nas obras de constru\u00e7\u00e3o da Unidade B\u00e1sica de Sa\u00fade(UBS) no Bairro Ragagnin e Unidade B\u00e1sica de Sa\u00fade (UBS) do Bairro Campo Verde.<\/p>\n<p style=\"text-align: justify;\"><strong>UBS 01 \u2013 Bairro Ragagnin \u2013 Valor Total da Obra 320.190,94<\/strong><\/p>\n<table width=\"521\">\n<tbody>\n<tr>\n<td width=\"135\">Empenhos<\/td>\n<td width=\"223\">Valor<\/td>\n<td width=\"163\">Fonte do Recurso<\/td>\n<\/tr>\n<tr>\n<td width=\"135\">Emenda Dep.Fed.Iris Ara\u00fajo<\/td>\n<td width=\"223\">200.000,00<\/td>\n<td width=\"163\">FEDERAL<\/td>\n<\/tr>\n<tr>\n<td width=\"135\">Governo Municipal<\/td>\n<td width=\"223\">120.190,94<\/td>\n<td width=\"163\">MUNICIPAL<\/td>\n<\/tr>\n<\/tbody>\n<\/table>\n<p style=\"text-align: justify;\">\n<p style=\"text-align: justify;\">Na obra da UBS 01, ainda falta o repasse no valor de R$ 50.000,00 (cinquenta mil reais), que ser\u00e1 repassado somente ap\u00f3s a conclus\u00e3o da referida obra.<\/p>\n<p style=\"text-align: justify;\">\n<p style=\"text-align: justify;\"><strong>UBS 04 \u2013 Bairro Acalanto \u2013 Valor Total da Obra\u00a0\u00a0 R$ 810.344,60<\/strong><\/p>\n<p style=\"text-align: justify;\">\n<table width=\"518\">\n<tbody>\n<tr>\n<td width=\"130\">Empenho<\/td>\n<td width=\"227\">\u00a0\u00a0\u00a0\u00a0\u00a0\u00a0\u00a0\u00a0\u00a0\u00a0\u00a0\u00a0\u00a0\u00a0\u00a0\u00a0\u00a0\u00a0\u00a0\u00a0\u00a0\u00a0\u00a0\u00a0\u00a0\u00a0\u00a0\u00a0 Valor<\/td>\n<td width=\"161\">Fonte Recurso<\/td>\n<\/tr>\n<tr>\n<td width=\"130\">Governo Federal<\/td>\n<td width=\"227\">\u00a0\u00a0\u00a0\u00a0\u00a0\u00a0\u00a0\u00a0\u00a0\u00a0 R$ 773.000,00<\/td>\n<td width=\"161\">FEDERAL<\/td>\n<\/tr>\n<tr>\n<td width=\"130\">Governo Municipal<\/td>\n<td width=\"227\">\u00a0\u00a0\u00a0\u00a0\u00a0\u00a0\u00a0\u00a0\u00a0\u00a0 R$ 37.344,60<\/td>\n<td width=\"161\">MUNICIPAL<\/td>\n<\/tr>\n<\/tbody>\n<\/table>\n<p style=\"text-align: justify;\">\n<p style=\"text-align: justify;\">Na obra da UBS 04, at\u00e9 o dia 18\/02\/2015, os valores pagos totalizam R$ 281.183,61, com recursos do Governo Federal.<\/p>\n<p style=\"text-align: justify;\">\n<table width=\"528\">\n<tbody>\n<tr>\n<td width=\"361\">SALDO A PAGAR FEDERAL<\/td>\n<td width=\"167\">R$ 481.816,39<\/td>\n<\/tr>\n<tr>\n<td width=\"361\">SALDO A PAGAR MUNICIPAL<\/td>\n<td width=\"167\">R$ 37.344,60<\/td>\n<\/tr>\n<tr>\n<td width=\"361\">SALDO GERAL A PAGAR<\/td>\n<td width=\"167\">R$ 519.160,99<\/td>\n<\/tr>\n<\/tbody>\n<\/table>\n<p style=\"text-align: justify;\">\n<p style=\"text-align: justify;\">\n<p style=\"text-align: justify;\">Repasses Governo Federal<\/p>\n<table width=\"519\">\n<tbody>\n<tr>\n<td width=\"360\">Repasses do Governo Federal<\/td>\n<td width=\"159\">R$ 618.400,00<\/td>\n<\/tr>\n<tr>\n<td width=\"360\">Falta repasse do Governo Federal<\/td>\n<td width=\"159\">R$ 154.600,00<\/td>\n<\/tr>\n<\/tbody>\n<\/table>\n<p style=\"text-align: justify;\">\n<table width=\"526\">\n<tbody>\n<tr>\n<td width=\"363\">SALDO EM CONTA CAIXA ECONOMICA FEDERAL<\/td>\n<td width=\"163\">R$ 348.416,14<\/td>\n<\/tr>\n<\/tbody>\n<\/table>\n<p style=\"text-align: justify;\">\n<p style=\"text-align: justify;\">Assecom C\u00e2mara Municipal<\/p>\n","protected":false},"excerpt":{"rendered":"<p>Na Sess\u00e3o Ordin\u00e1ria realizada no dia 01 de junho, segunda feira, o Presidente do Poder Legislativo apresentou a popula\u00e7\u00e3o os valores investidos pelo Governo Federal e Municipal nas obras de constru\u00e7\u00e3o da Unidade B\u00e1sica de Sa\u00fade(UBS) no Bairro Ragagnin e Unidade B\u00e1sica de Sa\u00fade (UBS) do Bairro Campo Verde. UBS 01 \u2013 Bairro Ragagnin \u2013 [&hellip;]<\/p>\n","protected":false},"author":4,"featured_media":2412,"comment_status":"closed","ping_status":"closed","sticky":false,"template":"","format":"standard","meta":{"footnotes":""},"categories":[22],"tags":[],"class_list":["post-3446","post","type-post","status-publish","format-standard","has-post-thumbnail","hentry","category-chapadao-do-ceu"],"_links":{"self":[{"href":"https:\/\/www.ocorreionews.com.br\/acervo-correio\/index.php?rest_route=\/wp\/v2\/posts\/3446","targetHints":{"allow":["GET"]}}],"collection":[{"href":"https:\/\/www.ocorreionews.com.br\/acervo-correio\/index.php?rest_route=\/wp\/v2\/posts"}],"about":[{"href":"https:\/\/www.ocorreionews.com.br\/acervo-correio\/index.php?rest_route=\/wp\/v2\/types\/post"}],"author":[{"embeddable":true,"href":"https:\/\/www.ocorreionews.com.br\/acervo-correio\/index.php?rest_route=\/wp\/v2\/users\/4"}],"replies":[{"embeddable":true,"href":"https:\/\/www.ocorreionews.com.br\/acervo-correio\/index.php?rest_route=%2Fwp%2Fv2%2Fcomments&post=3446"}],"version-history":[{"count":0,"href":"https:\/\/www.ocorreionews.com.br\/acervo-correio\/index.php?rest_route=\/wp\/v2\/posts\/3446\/revisions"}],"wp:featuredmedia":[{"embeddable":true,"href":"https:\/\/www.ocorreionews.com.br\/acervo-correio\/index.php?rest_route=\/wp\/v2\/media\/2412"}],"wp:attachment":[{"href":"https:\/\/www.ocorreionews.com.br\/acervo-correio\/index.php?rest_route=%2Fwp%2Fv2%2Fmedia&parent=3446"}],"wp:term":[{"taxonomy":"category","embeddable":true,"href":"https:\/\/www.ocorreionews.com.br\/acervo-correio\/index.php?rest_route=%2Fwp%2Fv2%2Fcategories&post=3446"},{"taxonomy":"post_tag","embeddable":true,"href":"https:\/\/www.ocorreionews.com.br\/acervo-correio\/index.php?rest_route=%2Fwp%2Fv2%2Ftags&post=3446"}],"curies":[{"name":"wp","href":"https:\/\/api.w.org\/{rel}","templated":true}]}}