{"id":3450,"date":"2015-06-08T16:42:45","date_gmt":"2015-06-08T20:42:45","guid":{"rendered":"https:\/\/ocorreionews.com.br\/?p=3450"},"modified":"2015-06-08T16:42:45","modified_gmt":"2015-06-08T20:42:45","slug":"alirio-bacca-demonstrou-preocupacao-com-a-usina-biourj","status":"publish","type":"post","link":"https:\/\/www.ocorreionews.com.br\/acervo-correio\/?p=3450","title":{"rendered":"Al\u00edrio Bacca demonstrou preocupa\u00e7\u00e3o com a Usina BioUrj"},"content":{"rendered":"<p>Alirio Bacca Parabenizou os vereadores Rosemari e Wagner sobre os coment\u00e1rios das obras inacabadas. Segundo ele, as mesmas est\u00e3o se deteriorando e acredita que o or\u00e7amento de 2015 n\u00e3o ser\u00e1 suficiente para concluir todas as obras, ainda mais com os cortes do governo federal.<\/p>\n<p>&nbsp;<\/p>\n<p>O vereador ainda demonstrou preocupa\u00e7\u00e3o com a Usina BioUrja, que segundo ele, na apresenta\u00e7\u00e3o do projeto no sindicato rural, foi comentado que as obras triam se inicio no fim de 2014 e come\u00e7o de 2015, mas at\u00e9 agora nada foi feito. E tamb\u00e9m que o investimento seria grande parte dos americanos e outra parte por meio de financiamento, e que hoje n\u00e3o \u00e9 isso que se v\u00ea.<\/p>\n<p>&nbsp;<\/p>\n<p>Segundo o vereador, h\u00e1 informa\u00e7\u00f5es de que o investimento ser\u00e1 financiado 100% pelo BNDES e que os americanos n\u00e3o far\u00e3o investimentos aqui. Citando at\u00e9 mesmo um poss\u00edvel golpe pol\u00edtico, o vereador afirmou que s\u00f3 vai come\u00e7ar a acreditar na empresa quando as obras forem iniciadas.<\/p>\n<p>&nbsp;<\/p>\n","protected":false},"excerpt":{"rendered":"<p>Alirio Bacca Parabenizou os vereadores Rosemari e Wagner sobre os coment\u00e1rios das obras inacabadas. Segundo ele, as mesmas est\u00e3o se deteriorando e acredita que o or\u00e7amento de 2015 n\u00e3o ser\u00e1 suficiente para concluir todas as obras, ainda mais com os cortes do governo federal. &nbsp; O vereador ainda demonstrou preocupa\u00e7\u00e3o com a Usina BioUrja, que [&hellip;]<\/p>\n","protected":false},"author":4,"featured_media":2327,"comment_status":"closed","ping_status":"closed","sticky":false,"template":"","format":"standard","meta":{"footnotes":""},"categories":[20],"tags":[],"class_list":["post-3450","post","type-post","status-publish","format-standard","has-post-thumbnail","hentry","category-camara-municipal"],"_links":{"self":[{"href":"https:\/\/www.ocorreionews.com.br\/acervo-correio\/index.php?rest_route=\/wp\/v2\/posts\/3450","targetHints":{"allow":["GET"]}}],"collection":[{"href":"https:\/\/www.ocorreionews.com.br\/acervo-correio\/index.php?rest_route=\/wp\/v2\/posts"}],"about":[{"href":"https:\/\/www.ocorreionews.com.br\/acervo-correio\/index.php?rest_route=\/wp\/v2\/types\/post"}],"author":[{"embeddable":true,"href":"https:\/\/www.ocorreionews.com.br\/acervo-correio\/index.php?rest_route=\/wp\/v2\/users\/4"}],"replies":[{"embeddable":true,"href":"https:\/\/www.ocorreionews.com.br\/acervo-correio\/index.php?rest_route=%2Fwp%2Fv2%2Fcomments&post=3450"}],"version-history":[{"count":0,"href":"https:\/\/www.ocorreionews.com.br\/acervo-correio\/index.php?rest_route=\/wp\/v2\/posts\/3450\/revisions"}],"wp:featuredmedia":[{"embeddable":true,"href":"https:\/\/www.ocorreionews.com.br\/acervo-correio\/index.php?rest_route=\/wp\/v2\/media\/2327"}],"wp:attachment":[{"href":"https:\/\/www.ocorreionews.com.br\/acervo-correio\/index.php?rest_route=%2Fwp%2Fv2%2Fmedia&parent=3450"}],"wp:term":[{"taxonomy":"category","embeddable":true,"href":"https:\/\/www.ocorreionews.com.br\/acervo-correio\/index.php?rest_route=%2Fwp%2Fv2%2Fcategories&post=3450"},{"taxonomy":"post_tag","embeddable":true,"href":"https:\/\/www.ocorreionews.com.br\/acervo-correio\/index.php?rest_route=%2Fwp%2Fv2%2Ftags&post=3450"}],"curies":[{"name":"wp","href":"https:\/\/api.w.org\/{rel}","templated":true}]}}