{"id":3452,"date":"2015-06-08T16:45:41","date_gmt":"2015-06-08T20:45:41","guid":{"rendered":"https:\/\/ocorreionews.com.br\/?p=3452"},"modified":"2015-06-08T16:47:09","modified_gmt":"2015-06-08T20:47:09","slug":"dr-quaranta-comenta-processo-de-construcao-do-centro-cultural-que-segundo-ele-deve-ser-iniciado-o-quanto-antes","status":"publish","type":"post","link":"https:\/\/www.ocorreionews.com.br\/acervo-correio\/?p=3452","title":{"rendered":"Dr. Quaranta comenta processo de constru\u00e7\u00e3o do Centro Cultural que segundo ele deve ser iniciado o quanto antes"},"content":{"rendered":"<p style=\"text-align: justify;\">Dr. Quaranta justificou sua indica\u00e7\u00e3o ao Secret\u00e1rio de Obras Waldermar Mendon\u00e7a, o qual solicita manuten\u00e7\u00e3o intensiva e peri\u00f3dica dos equipamentos da secretaria, segundo ele, assim o trabalho poder\u00e1 ser desempenhado com mais agilidade. Comentou tamb\u00e9m sobre o processo de constru\u00e7\u00e3o do Centro Cultural que segundo ele deve ser iniciado o quanto antes.<\/p>\n<p style=\"text-align: justify;\">Outra indica\u00e7\u00e3o do vereador \u00e9 para que o executivo crie outro projeto similar ao proerd, mas que estendesse a conscientiza\u00e7\u00e3o at\u00e9 o ensino m\u00e9dio. Segundo ele a conscientiza\u00e7\u00e3o para o combate ao uso de entorpecentes deve ser constante, o vereador acredita que o processo deve ser algo continuado.<\/p>\n<p style=\"text-align: justify;\">O vereador mostrou preocupa\u00e7\u00e3o tamb\u00e9m com as casas e terrenos do loteamento esperan\u00e7a, que segundo ele, muitas est\u00e3o com documenta\u00e7\u00e3o irregular e que o executivo deve contratar uma empresa que atue na \u00e1rea para legaliza\u00e7\u00e3o a documenta\u00e7\u00e3o das casas daquele loteamento.<\/p>\n<p style=\"text-align: justify;\">O vereador comentou tamb\u00e9m sobre o balancete que o legislativo recebeu do contador do executivo por\u00e9m que n\u00e3o estava batendo os valores com outros dados encaminhados, e que segundo ele devem ser esclarecidos.<\/p>\n<p style=\"text-align: justify;\">Parabenizou o vereador Ilton por solicitar a auditoria no executivo, segundo ele \u00e9 uma forma mais transparente de se corrigir alguns erros que podem existir no executivo. Para o vereador a auditoria ser\u00e1 boa para a popula\u00e7\u00e3o, para a c\u00e2mara e para o prefeito.<\/p>\n<p style=\"text-align: justify;\">Finalizou parabenizando a Secretaria de Cultura e Esportes, pela realiza\u00e7\u00e3o do JEMS, que segundo ele teve uma abertura magnifica e que contou com a presen\u00e7a do Diretor Presidente da Fundesporte, Marcelo Miranda.<\/p>\n","protected":false},"excerpt":{"rendered":"<p>Dr. Quaranta justificou sua indica\u00e7\u00e3o ao Secret\u00e1rio de Obras Waldermar Mendon\u00e7a, o qual solicita manuten\u00e7\u00e3o intensiva e peri\u00f3dica dos equipamentos da secretaria, segundo ele, assim o trabalho poder\u00e1 ser desempenhado com mais agilidade. Comentou tamb\u00e9m sobre o processo de constru\u00e7\u00e3o do Centro Cultural que segundo ele deve ser iniciado o quanto antes. Outra indica\u00e7\u00e3o do [&hellip;]<\/p>\n","protected":false},"author":4,"featured_media":3454,"comment_status":"closed","ping_status":"closed","sticky":false,"template":"","format":"standard","meta":{"footnotes":""},"categories":[20],"tags":[],"class_list":["post-3452","post","type-post","status-publish","format-standard","has-post-thumbnail","hentry","category-camara-municipal"],"_links":{"self":[{"href":"https:\/\/www.ocorreionews.com.br\/acervo-correio\/index.php?rest_route=\/wp\/v2\/posts\/3452","targetHints":{"allow":["GET"]}}],"collection":[{"href":"https:\/\/www.ocorreionews.com.br\/acervo-correio\/index.php?rest_route=\/wp\/v2\/posts"}],"about":[{"href":"https:\/\/www.ocorreionews.com.br\/acervo-correio\/index.php?rest_route=\/wp\/v2\/types\/post"}],"author":[{"embeddable":true,"href":"https:\/\/www.ocorreionews.com.br\/acervo-correio\/index.php?rest_route=\/wp\/v2\/users\/4"}],"replies":[{"embeddable":true,"href":"https:\/\/www.ocorreionews.com.br\/acervo-correio\/index.php?rest_route=%2Fwp%2Fv2%2Fcomments&post=3452"}],"version-history":[{"count":0,"href":"https:\/\/www.ocorreionews.com.br\/acervo-correio\/index.php?rest_route=\/wp\/v2\/posts\/3452\/revisions"}],"wp:featuredmedia":[{"embeddable":true,"href":"https:\/\/www.ocorreionews.com.br\/acervo-correio\/index.php?rest_route=\/wp\/v2\/media\/3454"}],"wp:attachment":[{"href":"https:\/\/www.ocorreionews.com.br\/acervo-correio\/index.php?rest_route=%2Fwp%2Fv2%2Fmedia&parent=3452"}],"wp:term":[{"taxonomy":"category","embeddable":true,"href":"https:\/\/www.ocorreionews.com.br\/acervo-correio\/index.php?rest_route=%2Fwp%2Fv2%2Fcategories&post=3452"},{"taxonomy":"post_tag","embeddable":true,"href":"https:\/\/www.ocorreionews.com.br\/acervo-correio\/index.php?rest_route=%2Fwp%2Fv2%2Ftags&post=3452"}],"curies":[{"name":"wp","href":"https:\/\/api.w.org\/{rel}","templated":true}]}}