{"id":3456,"date":"2015-06-08T16:50:39","date_gmt":"2015-06-08T20:50:39","guid":{"rendered":"https:\/\/ocorreionews.com.br\/?p=3456"},"modified":"2015-06-08T16:50:39","modified_gmt":"2015-06-08T20:50:39","slug":"prainha-comentou-sobre-canal-a-ceu-aberto-na-avenida-parana","status":"publish","type":"post","link":"https:\/\/www.ocorreionews.com.br\/acervo-correio\/?p=3456","title":{"rendered":"Prainha comentou sobre canal a c\u00e9u aberto na Avenida Paran\u00e1"},"content":{"rendered":"<div class=\"ultimas_noticias-content-left\" style=\"text-align: justify;\"><span class=\"content-news\"><label><i>Assessoria: <\/i><\/label>Nat\u00e1lia Leal Scheer<\/span><\/p>\n<\/div>\n<div class=\"ultimas_noticias-content-right\">\n<p style=\"text-align: justify;\">Prainha em seu pronunciamento comentou sobre um canal a c\u00e9u aberto na Avenida Paran\u00e1 que est\u00e1 causando grandes transtornos aos moradores daquela localidade, segundo ele, no local n\u00e3o foi feita uma caixa de conten\u00e7\u00e3o necess\u00e1ria, e que este seria o principal problema.<\/p>\n<p style=\"text-align: justify;\">\n<p style=\"text-align: justify;\">Comentou tamb\u00e9m sobre um p\u00e1tio de maquinas localizado na Rua 14 entre as ruas 13 e quinze, que segundo ele est\u00e1 causando desconforto aos moradores do entorno, seja pelo fluxo de maquinas pesadas ou pela fuma\u00e7a e barulho gerados pelos ve\u00edculos.<\/p>\n<p style=\"text-align: justify;\">\n<p style=\"text-align: justify;\">O vereador citou que em conversa com o respons\u00e1vel, o mesmo pediu um prazo para regularizar a situa\u00e7\u00e3o, mas que em no m\u00e1ximo 60 dias tudo estar\u00e1 resolvido. Prainha justificou sua preocupa\u00e7\u00e3o tamb\u00e9m porque pr\u00f3ximo encontram-se v\u00e1rias cl\u00ednicas particulares e at\u00e9 o Hospital Municipal.<\/p>\n<p style=\"text-align: justify;\">Parabenizou a equipe do Futebol Feminino da SERC que disputar\u00e1 campeonato brasileiro, na cidade de Florian\u00f3polis e ressaltou da import\u00e2ncia da equipe para o munic\u00edpio. Enalteceu o trabalho realizado pelo treinador Rodrigo e pelo Presidente da Serc Jo\u00e3o Felix Boteselle.<\/p>\n<p style=\"text-align: justify;\">Parabenizou tamb\u00e9m o Secretario de Cultura e Esportes, Emerson Willian pela realiza\u00e7\u00e3o do JEMS, que contou com a presen\u00e7a do Diretor Presidente da Fundesporte, Marcelo Miranda. Segundo ele o evento foi um sucesso.<\/p>\n<\/div>\n","protected":false},"excerpt":{"rendered":"<p>Assessoria: Nat\u00e1lia Leal Scheer Prainha em seu pronunciamento comentou sobre um canal a c\u00e9u aberto na Avenida Paran\u00e1 que est\u00e1 causando grandes transtornos aos moradores daquela localidade, segundo ele, no local n\u00e3o foi feita uma caixa de conten\u00e7\u00e3o necess\u00e1ria, e que este seria o principal problema. Comentou tamb\u00e9m sobre um p\u00e1tio de maquinas localizado na [&hellip;]<\/p>\n","protected":false},"author":4,"featured_media":1872,"comment_status":"closed","ping_status":"closed","sticky":false,"template":"","format":"standard","meta":{"footnotes":""},"categories":[20],"tags":[],"class_list":["post-3456","post","type-post","status-publish","format-standard","has-post-thumbnail","hentry","category-camara-municipal"],"_links":{"self":[{"href":"https:\/\/www.ocorreionews.com.br\/acervo-correio\/index.php?rest_route=\/wp\/v2\/posts\/3456","targetHints":{"allow":["GET"]}}],"collection":[{"href":"https:\/\/www.ocorreionews.com.br\/acervo-correio\/index.php?rest_route=\/wp\/v2\/posts"}],"about":[{"href":"https:\/\/www.ocorreionews.com.br\/acervo-correio\/index.php?rest_route=\/wp\/v2\/types\/post"}],"author":[{"embeddable":true,"href":"https:\/\/www.ocorreionews.com.br\/acervo-correio\/index.php?rest_route=\/wp\/v2\/users\/4"}],"replies":[{"embeddable":true,"href":"https:\/\/www.ocorreionews.com.br\/acervo-correio\/index.php?rest_route=%2Fwp%2Fv2%2Fcomments&post=3456"}],"version-history":[{"count":0,"href":"https:\/\/www.ocorreionews.com.br\/acervo-correio\/index.php?rest_route=\/wp\/v2\/posts\/3456\/revisions"}],"wp:featuredmedia":[{"embeddable":true,"href":"https:\/\/www.ocorreionews.com.br\/acervo-correio\/index.php?rest_route=\/wp\/v2\/media\/1872"}],"wp:attachment":[{"href":"https:\/\/www.ocorreionews.com.br\/acervo-correio\/index.php?rest_route=%2Fwp%2Fv2%2Fmedia&parent=3456"}],"wp:term":[{"taxonomy":"category","embeddable":true,"href":"https:\/\/www.ocorreionews.com.br\/acervo-correio\/index.php?rest_route=%2Fwp%2Fv2%2Fcategories&post=3456"},{"taxonomy":"post_tag","embeddable":true,"href":"https:\/\/www.ocorreionews.com.br\/acervo-correio\/index.php?rest_route=%2Fwp%2Fv2%2Ftags&post=3456"}],"curies":[{"name":"wp","href":"https:\/\/api.w.org\/{rel}","templated":true}]}}