{"id":3458,"date":"2015-06-08T16:53:22","date_gmt":"2015-06-08T20:53:22","guid":{"rendered":"https:\/\/ocorreionews.com.br\/?p=3458"},"modified":"2015-06-08T16:53:22","modified_gmt":"2015-06-08T20:53:22","slug":"rosemari-cruz-comenta-que-obras-estao-em-andamento-porem-todas-estao-com-prazos-extrapolados","status":"publish","type":"post","link":"https:\/\/www.ocorreionews.com.br\/acervo-correio\/?p=3458","title":{"rendered":"Rosemari Cruz comenta que obras est\u00e3o em andamento por\u00e9m todas est\u00e3o com prazos extrapolados"},"content":{"rendered":"<div class=\"ultimas_noticias-content-left\" style=\"text-align: justify;\"><span class=\"content-news\"><label><i>Assessoria: <\/i><\/label>Nat\u00e1lia Leal Scheer<\/span><\/div>\n<div class=\"ultimas_noticias-content-right\">\n<p style=\"text-align: justify;\">A vereadora Rosemari Cruz iniciou suas palavras agradecendo o convite que recebeu para a abertura do JEMS e para um almo\u00e7o com atletas que aconteceu no Sal\u00e3o Paroquial. Parabenizou o Secret\u00e1rio de Cultura e Esportes, Emerson Willian pela aten\u00e7\u00e3o dada aos vereadores e afirmou estar contente com o esporte no munic\u00edpio.<\/p>\n<p style=\"text-align: justify;\">Rosemari comentou sobre a visita as obras que fez junto com outros vereadores ap\u00f3s a entrevista do prefeito na r\u00e1dio, segundo ela, algumas obras est\u00e3o em andamento, mas todas est\u00e3o com prazos extrapolados. A vereadora salientou que n\u00e3o est\u00e1 falando nada de irreal, qualquer mun\u00edcipe pode ir nas obras e ver de perto como est\u00e1 a situa\u00e7\u00e3o delas.<\/p>\n<p style=\"text-align: justify;\">A obra do asfalto da UFMS segundo ela \u00e9 a \u00fanica que est\u00e1 em andamento e mesmo assim com atrasos. A parlamentar comentou que \u00e9 uma vergonha receber o governador do estado em nosso munic\u00edpio com tantas obras paradas e com a cidade em uma situa\u00e7\u00e3o t\u00e3o vergonhosa.<\/p>\n<p style=\"text-align: justify;\">Citou ainda que ao menos a limpeza deve ser feita de forma eficiente. A vereadora enfatizou ainda que no fim da Avenida E aquele trecho est\u00e1 interditado h\u00e1 mais de cinco meses, e que em algumas casas e estabelecimentos n\u00e3o se consegue adentrar nem de carro e nem a p\u00e9. A vereadora salientou que os moradores daquele bairro pagam imposto igual a todos, e que n\u00e3o \u00e9 justo passar por uma situa\u00e7\u00e3o t\u00e3o desagrad\u00e1vel.<\/p>\n<p style=\"text-align: justify;\">Finalizou seu pronunciamento comentando sobre uma rebeli\u00e3o ocorrida dentro da delegacia de Chapad\u00e3o do Sul. A vereadora citou que participou de uma reuni\u00e3o juntamente com o vereador Wagner In\u00e1cio com o conselho de seguran\u00e7a para saber quais medidas devem ser tomadas para que tal situa\u00e7\u00e3o n\u00e3o volte a acontecer.<\/p>\n<p style=\"text-align: justify;\">Segundo a vereadora, a c\u00e2mara muito em breve dever\u00e1 encaminhar um documento ao \u00f3rg\u00e3o competente solicitando a remo\u00e7\u00e3o de uma parte dos presos do munic\u00edpio para outros pres\u00eddios da regi\u00e3o, para que assim o risco seja diminu\u00eddo no munic\u00edpio.<\/p>\n<\/div>\n","protected":false},"excerpt":{"rendered":"<p>Assessoria: Nat\u00e1lia Leal Scheer A vereadora Rosemari Cruz iniciou suas palavras agradecendo o convite que recebeu para a abertura do JEMS e para um almo\u00e7o com atletas que aconteceu no Sal\u00e3o Paroquial. Parabenizou o Secret\u00e1rio de Cultura e Esportes, Emerson Willian pela aten\u00e7\u00e3o dada aos vereadores e afirmou estar contente com o esporte no munic\u00edpio. [&hellip;]<\/p>\n","protected":false},"author":4,"featured_media":3459,"comment_status":"closed","ping_status":"closed","sticky":false,"template":"","format":"standard","meta":{"footnotes":""},"categories":[20],"tags":[],"class_list":["post-3458","post","type-post","status-publish","format-standard","has-post-thumbnail","hentry","category-camara-municipal"],"_links":{"self":[{"href":"https:\/\/www.ocorreionews.com.br\/acervo-correio\/index.php?rest_route=\/wp\/v2\/posts\/3458","targetHints":{"allow":["GET"]}}],"collection":[{"href":"https:\/\/www.ocorreionews.com.br\/acervo-correio\/index.php?rest_route=\/wp\/v2\/posts"}],"about":[{"href":"https:\/\/www.ocorreionews.com.br\/acervo-correio\/index.php?rest_route=\/wp\/v2\/types\/post"}],"author":[{"embeddable":true,"href":"https:\/\/www.ocorreionews.com.br\/acervo-correio\/index.php?rest_route=\/wp\/v2\/users\/4"}],"replies":[{"embeddable":true,"href":"https:\/\/www.ocorreionews.com.br\/acervo-correio\/index.php?rest_route=%2Fwp%2Fv2%2Fcomments&post=3458"}],"version-history":[{"count":0,"href":"https:\/\/www.ocorreionews.com.br\/acervo-correio\/index.php?rest_route=\/wp\/v2\/posts\/3458\/revisions"}],"wp:featuredmedia":[{"embeddable":true,"href":"https:\/\/www.ocorreionews.com.br\/acervo-correio\/index.php?rest_route=\/wp\/v2\/media\/3459"}],"wp:attachment":[{"href":"https:\/\/www.ocorreionews.com.br\/acervo-correio\/index.php?rest_route=%2Fwp%2Fv2%2Fmedia&parent=3458"}],"wp:term":[{"taxonomy":"category","embeddable":true,"href":"https:\/\/www.ocorreionews.com.br\/acervo-correio\/index.php?rest_route=%2Fwp%2Fv2%2Fcategories&post=3458"},{"taxonomy":"post_tag","embeddable":true,"href":"https:\/\/www.ocorreionews.com.br\/acervo-correio\/index.php?rest_route=%2Fwp%2Fv2%2Ftags&post=3458"}],"curies":[{"name":"wp","href":"https:\/\/api.w.org\/{rel}","templated":true}]}}