{"id":3461,"date":"2015-06-08T16:54:39","date_gmt":"2015-06-08T20:54:39","guid":{"rendered":"https:\/\/ocorreionews.com.br\/?p=3461"},"modified":"2015-06-08T16:54:39","modified_gmt":"2015-06-08T20:54:39","slug":"teacher-wagner-enfatizando-que-a-camara-quer-apenas-transparencia","status":"publish","type":"post","link":"https:\/\/www.ocorreionews.com.br\/acervo-correio\/?p=3461","title":{"rendered":"Teacher Wagner enfatizando que a c\u00e2mara quer apenas transpar\u00eancia"},"content":{"rendered":"<div class=\"ultimas_noticias-content-left\" style=\"text-align: justify;\"><span class=\"content-news\"><label><i>Assessoria: <\/i><\/label>Nat\u00e1lia Leal Scheer<\/span><\/div>\n<div class=\"ultimas_noticias-content-right\">\n<p style=\"text-align: justify;\">Iniciou seu pronunciamento complementando as palavras da vereadora Rosemari Cruz sobre o pres\u00eddio do munic\u00edpio, segundo ele, a c\u00e2mara dever\u00e1 fazer uma indica\u00e7\u00e3o \u00e0 COPEVE para que haja o quanto antes a remo\u00e7\u00e3o dos presos do munic\u00edpio para outros centros.<\/p>\n<p style=\"text-align: justify;\">O vereador comentou tamb\u00e9m sobre as obras do munic\u00edpio e afirmou que a visita foi para que a popula\u00e7\u00e3o tenha uma no\u00e7\u00e3o sobre o estado das obras, quando deveriam ter sido iniciadas e quando terminadas. A popula\u00e7\u00e3o de Chapad\u00e3o do Sul tem o direto de saber quanto est\u00e3o atrasadas. Enfatizando que a c\u00e2mara quer apenas transpar\u00eancia, o vereador afirmou que em 2016 termina o prazo de validade dos vereadores e que as obras precisam ser retomadas.<\/p>\n<p style=\"text-align: justify;\">\n<p style=\"text-align: justify;\">Sobre a entrevista do prefeito, o vereador afirmou que a maioria das obras est\u00e1 atrasada h\u00e1 no m\u00ednimo seis meses e que \u00e9 necess\u00e1rio um planejamento com prazos, data para in\u00edcio e t\u00e9rmino, segundo ele, os vereadores s\u00e3o sabedores dos prazos burocr\u00e1ticos de licita\u00e7\u00f5es, mas que fora isso \u00e9 necess\u00e1rio se determinar datas<\/p>\n<p style=\"text-align: justify;\">Wagner comentou tamb\u00e9m sobre um projeto de sua autoria junto com a vereadora Rosemari que pro\u00edbe a inaugura\u00e7\u00e3o de obras inacabadas. Segundo ele, a quadra poliesportiva do Esperan\u00e7a deveria ter ao menos o piso e n\u00e3o tem, assim como o asfalto da UFMS que deveria ter hoje ao menos uma camada de asfalto e n\u00e3o tem nada iniciado.<\/p>\n<p style=\"text-align: justify;\">O vereador declarou-se favor\u00e1vel ainda a subven\u00e7\u00e3o ao Torneio Leiteiro, mas mais uma vez salientou que espera que em breve seja estudada a possibilidade de uma lei para regulamentar as subven\u00e7\u00f5es para que se fique mais f\u00e1cil de aprovar ou n\u00e3o.<\/p>\n<p style=\"text-align: justify;\">Segundo ele \u00e9 necess\u00e1rio se ter um respaldo jur\u00eddico para que n\u00e3o fique somente a cargo dos vereadores decidir se aprovam ou n\u00e3o.<\/p>\n<\/div>\n","protected":false},"excerpt":{"rendered":"<p>Assessoria: Nat\u00e1lia Leal Scheer Iniciou seu pronunciamento complementando as palavras da vereadora Rosemari Cruz sobre o pres\u00eddio do munic\u00edpio, segundo ele, a c\u00e2mara dever\u00e1 fazer uma indica\u00e7\u00e3o \u00e0 COPEVE para que haja o quanto antes a remo\u00e7\u00e3o dos presos do munic\u00edpio para outros centros. O vereador comentou tamb\u00e9m sobre as obras do munic\u00edpio e afirmou [&hellip;]<\/p>\n","protected":false},"author":4,"featured_media":1813,"comment_status":"closed","ping_status":"closed","sticky":false,"template":"","format":"standard","meta":{"footnotes":""},"categories":[20],"tags":[],"class_list":["post-3461","post","type-post","status-publish","format-standard","has-post-thumbnail","hentry","category-camara-municipal"],"_links":{"self":[{"href":"https:\/\/www.ocorreionews.com.br\/acervo-correio\/index.php?rest_route=\/wp\/v2\/posts\/3461","targetHints":{"allow":["GET"]}}],"collection":[{"href":"https:\/\/www.ocorreionews.com.br\/acervo-correio\/index.php?rest_route=\/wp\/v2\/posts"}],"about":[{"href":"https:\/\/www.ocorreionews.com.br\/acervo-correio\/index.php?rest_route=\/wp\/v2\/types\/post"}],"author":[{"embeddable":true,"href":"https:\/\/www.ocorreionews.com.br\/acervo-correio\/index.php?rest_route=\/wp\/v2\/users\/4"}],"replies":[{"embeddable":true,"href":"https:\/\/www.ocorreionews.com.br\/acervo-correio\/index.php?rest_route=%2Fwp%2Fv2%2Fcomments&post=3461"}],"version-history":[{"count":0,"href":"https:\/\/www.ocorreionews.com.br\/acervo-correio\/index.php?rest_route=\/wp\/v2\/posts\/3461\/revisions"}],"wp:featuredmedia":[{"embeddable":true,"href":"https:\/\/www.ocorreionews.com.br\/acervo-correio\/index.php?rest_route=\/wp\/v2\/media\/1813"}],"wp:attachment":[{"href":"https:\/\/www.ocorreionews.com.br\/acervo-correio\/index.php?rest_route=%2Fwp%2Fv2%2Fmedia&parent=3461"}],"wp:term":[{"taxonomy":"category","embeddable":true,"href":"https:\/\/www.ocorreionews.com.br\/acervo-correio\/index.php?rest_route=%2Fwp%2Fv2%2Fcategories&post=3461"},{"taxonomy":"post_tag","embeddable":true,"href":"https:\/\/www.ocorreionews.com.br\/acervo-correio\/index.php?rest_route=%2Fwp%2Fv2%2Ftags&post=3461"}],"curies":[{"name":"wp","href":"https:\/\/api.w.org\/{rel}","templated":true}]}}