{"id":3463,"date":"2015-06-08T18:17:57","date_gmt":"2015-06-08T22:17:57","guid":{"rendered":"https:\/\/ocorreionews.com.br\/?p=3463"},"modified":"2015-06-08T18:22:59","modified_gmt":"2015-06-08T22:22:59","slug":"mae-e-filha-ficam-feridos-em-acidente-na-avenida-oito","status":"publish","type":"post","link":"https:\/\/www.ocorreionews.com.br\/acervo-correio\/?p=3463","title":{"rendered":"M\u00e3e e filha ficaram feridas em acidente na Avenida  Oito"},"content":{"rendered":"<p style=\"text-align: justify;\">Em menos de 01 hora, tr\u00eas acidentes foram registrados em Chapad\u00e3o do Sul, sendo um na avenida seis, outro na Avenida Onze e por ultimo o mais grave na Avenida Oito.<\/p>\n<p style=\"text-align: justify;\">Na Avenida Oito com a Rua 27, m\u00e3e e filha ficaram gravemente feridas, ap\u00f3s terem a moto Biz atingida por uma caminhonete Peugeot.<\/p>\n<p style=\"text-align: justify;\"><a href=\"https:\/\/ocorreionews.com.br\/wp-content\/uploads\/2015\/06\/AC-2.jpg\"><img loading=\"lazy\" decoding=\"async\" class=\"alignnone size-full wp-image-3464\" src=\"https:\/\/ocorreionews.com.br\/wp-content\/uploads\/2015\/06\/AC-2.jpg\" alt=\"AC (2)\" width=\"650\" height=\"432\" srcset=\"https:\/\/www.ocorreionews.com.br\/acervo-correio\/wp-content\/uploads\/2015\/06\/AC-2.jpg 650w, https:\/\/www.ocorreionews.com.br\/acervo-correio\/wp-content\/uploads\/2015\/06\/AC-2-300x199.jpg 300w\" sizes=\"auto, (max-width: 650px) 100vw, 650px\" \/><\/a><\/p>\n<p style=\"text-align: justify;\">Z.A. S e sua filha A.J.A. N de 09anos, trafegavam pela a Avenida Oito, quando a Peugeot, com placas de SP conduzida, por W.R. S que descia pela Rua 27, adentrou na avenida e colidiu com a Moto Biz.<\/p>\n<p style=\"text-align: justify;\"><a href=\"https:\/\/ocorreionews.com.br\/wp-content\/uploads\/2015\/06\/AC-3.jpg\"><img loading=\"lazy\" decoding=\"async\" class=\"alignnone size-full wp-image-3465\" src=\"https:\/\/ocorreionews.com.br\/wp-content\/uploads\/2015\/06\/AC-3.jpg\" alt=\"AC (3)\" width=\"650\" height=\"432\" srcset=\"https:\/\/www.ocorreionews.com.br\/acervo-correio\/wp-content\/uploads\/2015\/06\/AC-3.jpg 650w, https:\/\/www.ocorreionews.com.br\/acervo-correio\/wp-content\/uploads\/2015\/06\/AC-3-300x199.jpg 300w\" sizes=\"auto, (max-width: 650px) 100vw, 650px\" \/><\/a><\/p>\n<p style=\"text-align: justify;\">A menor ficou em baixo do veiculo e teve fratura exposta na T\u00edbia, com lacera\u00e7\u00e3o da pele na perna direita. A M\u00e3e, com o impacto, foi para sobre cal\u00e7ada e apresentava suspeita de fratura no f\u00eamur.<\/p>\n<p style=\"text-align: justify;\"><a href=\"https:\/\/ocorreionews.com.br\/wp-content\/uploads\/2015\/06\/AC-4.jpg\"><img loading=\"lazy\" decoding=\"async\" class=\"alignnone size-full wp-image-3466\" src=\"https:\/\/ocorreionews.com.br\/wp-content\/uploads\/2015\/06\/AC-4.jpg\" alt=\"AC (4)\" width=\"650\" height=\"432\" srcset=\"https:\/\/www.ocorreionews.com.br\/acervo-correio\/wp-content\/uploads\/2015\/06\/AC-4.jpg 650w, https:\/\/www.ocorreionews.com.br\/acervo-correio\/wp-content\/uploads\/2015\/06\/AC-4-300x199.jpg 300w\" sizes=\"auto, (max-width: 650px) 100vw, 650px\" \/><\/a><\/p>\n<p style=\"text-align: justify;\">O Corpo de Bombeiros fez o atendimento as duas vitimas, conduzindo ao Hospital Municipal.<\/p>\n<p style=\"text-align: justify;\">A Policia Militar esteve no local, orientando o transito e fez o registro da ocorrencia.<\/p>\n","protected":false},"excerpt":{"rendered":"<p>Em menos de 01 hora, tr\u00eas acidentes foram registrados em Chapad\u00e3o do Sul, sendo um na avenida seis, outro na Avenida Onze e por ultimo o mais grave na Avenida Oito. Na Avenida Oito com a Rua 27, m\u00e3e e filha ficaram gravemente feridas, ap\u00f3s terem a moto Biz atingida por uma caminhonete Peugeot. Z.A. [&hellip;]<\/p>\n","protected":false},"author":4,"featured_media":3467,"comment_status":"closed","ping_status":"closed","sticky":false,"template":"","format":"standard","meta":{"footnotes":""},"categories":[38],"tags":[],"class_list":["post-3463","post","type-post","status-publish","format-standard","has-post-thumbnail","hentry","category-policia"],"_links":{"self":[{"href":"https:\/\/www.ocorreionews.com.br\/acervo-correio\/index.php?rest_route=\/wp\/v2\/posts\/3463","targetHints":{"allow":["GET"]}}],"collection":[{"href":"https:\/\/www.ocorreionews.com.br\/acervo-correio\/index.php?rest_route=\/wp\/v2\/posts"}],"about":[{"href":"https:\/\/www.ocorreionews.com.br\/acervo-correio\/index.php?rest_route=\/wp\/v2\/types\/post"}],"author":[{"embeddable":true,"href":"https:\/\/www.ocorreionews.com.br\/acervo-correio\/index.php?rest_route=\/wp\/v2\/users\/4"}],"replies":[{"embeddable":true,"href":"https:\/\/www.ocorreionews.com.br\/acervo-correio\/index.php?rest_route=%2Fwp%2Fv2%2Fcomments&post=3463"}],"version-history":[{"count":0,"href":"https:\/\/www.ocorreionews.com.br\/acervo-correio\/index.php?rest_route=\/wp\/v2\/posts\/3463\/revisions"}],"wp:featuredmedia":[{"embeddable":true,"href":"https:\/\/www.ocorreionews.com.br\/acervo-correio\/index.php?rest_route=\/wp\/v2\/media\/3467"}],"wp:attachment":[{"href":"https:\/\/www.ocorreionews.com.br\/acervo-correio\/index.php?rest_route=%2Fwp%2Fv2%2Fmedia&parent=3463"}],"wp:term":[{"taxonomy":"category","embeddable":true,"href":"https:\/\/www.ocorreionews.com.br\/acervo-correio\/index.php?rest_route=%2Fwp%2Fv2%2Fcategories&post=3463"},{"taxonomy":"post_tag","embeddable":true,"href":"https:\/\/www.ocorreionews.com.br\/acervo-correio\/index.php?rest_route=%2Fwp%2Fv2%2Ftags&post=3463"}],"curies":[{"name":"wp","href":"https:\/\/api.w.org\/{rel}","templated":true}]}}