{"id":3474,"date":"2015-06-09T07:10:26","date_gmt":"2015-06-09T11:10:26","guid":{"rendered":"https:\/\/ocorreionews.com.br\/?p=3474"},"modified":"2015-06-09T07:10:26","modified_gmt":"2015-06-09T11:10:26","slug":"menina-que-fraturou-pernas-no-acidente-da-av-oito-foi-transferida-para-campo-grande","status":"publish","type":"post","link":"https:\/\/www.ocorreionews.com.br\/acervo-correio\/?p=3474","title":{"rendered":"Menina que fraturou pernas no acidente da Av.Oito foi transferida para Campo Grande"},"content":{"rendered":"<p style=\"text-align: justify;\">A menor A.J.A. N de 09anos, ferida na noite de ontem em uma colis\u00e3o entre uma moto e um veiculo na avenida oito em frente a delegacia, teve que ser transferida para a capital devido as gravidades das fraturas. A.J.A.N., teve 02 fraturas em sua perna esquerda e parte da pele dilacerada.<\/p>\n<p style=\"text-align: justify;\">A m\u00e3e ZAS, tamb\u00e9m teve fratura na perna. Ainda n\u00e3o h\u00e1 informa\u00e7\u00f5es e ele foi removida para Campo Grande.<\/p>\n","protected":false},"excerpt":{"rendered":"<p>A menor A.J.A. N de 09anos, ferida na noite de ontem em uma colis\u00e3o entre uma moto e um veiculo na avenida oito em frente a delegacia, teve que ser transferida para a capital devido as gravidades das fraturas. A.J.A.N., teve 02 fraturas em sua perna esquerda e parte da pele dilacerada. A m\u00e3e ZAS, [&hellip;]<\/p>\n","protected":false},"author":4,"featured_media":3467,"comment_status":"closed","ping_status":"closed","sticky":false,"template":"","format":"standard","meta":{"footnotes":""},"categories":[38],"tags":[],"class_list":["post-3474","post","type-post","status-publish","format-standard","has-post-thumbnail","hentry","category-policia"],"_links":{"self":[{"href":"https:\/\/www.ocorreionews.com.br\/acervo-correio\/index.php?rest_route=\/wp\/v2\/posts\/3474","targetHints":{"allow":["GET"]}}],"collection":[{"href":"https:\/\/www.ocorreionews.com.br\/acervo-correio\/index.php?rest_route=\/wp\/v2\/posts"}],"about":[{"href":"https:\/\/www.ocorreionews.com.br\/acervo-correio\/index.php?rest_route=\/wp\/v2\/types\/post"}],"author":[{"embeddable":true,"href":"https:\/\/www.ocorreionews.com.br\/acervo-correio\/index.php?rest_route=\/wp\/v2\/users\/4"}],"replies":[{"embeddable":true,"href":"https:\/\/www.ocorreionews.com.br\/acervo-correio\/index.php?rest_route=%2Fwp%2Fv2%2Fcomments&post=3474"}],"version-history":[{"count":0,"href":"https:\/\/www.ocorreionews.com.br\/acervo-correio\/index.php?rest_route=\/wp\/v2\/posts\/3474\/revisions"}],"wp:featuredmedia":[{"embeddable":true,"href":"https:\/\/www.ocorreionews.com.br\/acervo-correio\/index.php?rest_route=\/wp\/v2\/media\/3467"}],"wp:attachment":[{"href":"https:\/\/www.ocorreionews.com.br\/acervo-correio\/index.php?rest_route=%2Fwp%2Fv2%2Fmedia&parent=3474"}],"wp:term":[{"taxonomy":"category","embeddable":true,"href":"https:\/\/www.ocorreionews.com.br\/acervo-correio\/index.php?rest_route=%2Fwp%2Fv2%2Fcategories&post=3474"},{"taxonomy":"post_tag","embeddable":true,"href":"https:\/\/www.ocorreionews.com.br\/acervo-correio\/index.php?rest_route=%2Fwp%2Fv2%2Ftags&post=3474"}],"curies":[{"name":"wp","href":"https:\/\/api.w.org\/{rel}","templated":true}]}}