{"id":3814,"date":"2015-06-15T12:22:14","date_gmt":"2015-06-15T16:22:14","guid":{"rendered":"https:\/\/ocorreionews.com.br\/?p=3814"},"modified":"2015-06-15T12:40:33","modified_gmt":"2015-06-15T16:40:33","slug":"liza-faz-reuniao-com-secretarios-e-mantem-tranquilidade-na-administracao-municipal","status":"publish","type":"post","link":"https:\/\/www.ocorreionews.com.br\/acervo-correio\/?p=3814","title":{"rendered":"Liza faz reuni\u00e3o com secret\u00e1rios e mant\u00e9m tranquilidade na Administra\u00e7\u00e3o Municipal"},"content":{"rendered":"<p>Ap\u00f3s o afastamento do Prefeito Dr. Felipe, a Vice-Prefeita Liza Scheide fez uma reuni\u00e3o com os secret\u00e1rios municipais na manh\u00e3 desta segunda-feira para discutir o andamento da Administra\u00e7\u00e3o Municipal. Ela assumiu interinamente o cargo de Prefeita em cumprimento a decis\u00e3o judicial que afastou temporariamente o Prefeito Luiz Felipe Barreto de Magalh\u00e3es na sexta-feira.<\/p>\n<p>A prefeita interina tranquilizou todos os secret\u00e1rios confirmando que neste primeiro momento nada ser\u00e1 modificado. Os secret\u00e1rios colocaram algumas situa\u00e7\u00f5es que necessitam de andamento e Liza afirmou que todas as medidas necess\u00e1rias para a continuidade dos servi\u00e7os p\u00fablicos ser\u00e3o adotadas.<\/p>\n<p>Ela tranquilizou tamb\u00e9m os servidores municipais. \u201cA gente entende que \u00e9 um momento de inseguran\u00e7a dos servidores, mas \u00e9 preciso ter calma e seguir o trabalho normalmente\u201d.<\/p>\n<p>Liza ressaltou ainda que este \u00e9 um momento de uni\u00e3o. \u201cTodos n\u00f3s devemos estar unidos, guardar as quest\u00f5es pessoais, e trabalhar pelo munic\u00edpio\u201d.<\/p>\n<p>ASSECOM<\/p>\n<p><img decoding=\"async\" src=\"http:\/\/www.chapadaodosul.ms.gov.br\/admin\/arquivos\/images\/_DSC0013%282%29.JPG\" alt=\"\" \/> <img decoding=\"async\" src=\"http:\/\/www.chapadaodosul.ms.gov.br\/admin\/arquivos\/images\/_DSC0021.JPG\" alt=\"\" \/><\/p>\n","protected":false},"excerpt":{"rendered":"<p>Ap\u00f3s o afastamento do Prefeito Dr. Felipe, a Vice-Prefeita Liza Scheide fez uma reuni\u00e3o com os secret\u00e1rios municipais na manh\u00e3 desta segunda-feira para discutir o andamento da Administra\u00e7\u00e3o Municipal. Ela assumiu interinamente o cargo de Prefeita em cumprimento a decis\u00e3o judicial que afastou temporariamente o Prefeito Luiz Felipe Barreto de Magalh\u00e3es na sexta-feira. A prefeita [&hellip;]<\/p>\n","protected":false},"author":4,"featured_media":3815,"comment_status":"closed","ping_status":"closed","sticky":false,"template":"","format":"standard","meta":{"footnotes":""},"categories":[23],"tags":[],"class_list":["post-3814","post","type-post","status-publish","format-standard","has-post-thumbnail","hentry","category-chapadao-do-sul"],"_links":{"self":[{"href":"https:\/\/www.ocorreionews.com.br\/acervo-correio\/index.php?rest_route=\/wp\/v2\/posts\/3814","targetHints":{"allow":["GET"]}}],"collection":[{"href":"https:\/\/www.ocorreionews.com.br\/acervo-correio\/index.php?rest_route=\/wp\/v2\/posts"}],"about":[{"href":"https:\/\/www.ocorreionews.com.br\/acervo-correio\/index.php?rest_route=\/wp\/v2\/types\/post"}],"author":[{"embeddable":true,"href":"https:\/\/www.ocorreionews.com.br\/acervo-correio\/index.php?rest_route=\/wp\/v2\/users\/4"}],"replies":[{"embeddable":true,"href":"https:\/\/www.ocorreionews.com.br\/acervo-correio\/index.php?rest_route=%2Fwp%2Fv2%2Fcomments&post=3814"}],"version-history":[{"count":0,"href":"https:\/\/www.ocorreionews.com.br\/acervo-correio\/index.php?rest_route=\/wp\/v2\/posts\/3814\/revisions"}],"wp:featuredmedia":[{"embeddable":true,"href":"https:\/\/www.ocorreionews.com.br\/acervo-correio\/index.php?rest_route=\/wp\/v2\/media\/3815"}],"wp:attachment":[{"href":"https:\/\/www.ocorreionews.com.br\/acervo-correio\/index.php?rest_route=%2Fwp%2Fv2%2Fmedia&parent=3814"}],"wp:term":[{"taxonomy":"category","embeddable":true,"href":"https:\/\/www.ocorreionews.com.br\/acervo-correio\/index.php?rest_route=%2Fwp%2Fv2%2Fcategories&post=3814"},{"taxonomy":"post_tag","embeddable":true,"href":"https:\/\/www.ocorreionews.com.br\/acervo-correio\/index.php?rest_route=%2Fwp%2Fv2%2Ftags&post=3814"}],"curies":[{"name":"wp","href":"https:\/\/api.w.org\/{rel}","templated":true}]}}