{"id":3817,"date":"2015-06-15T12:45:10","date_gmt":"2015-06-15T16:45:10","guid":{"rendered":"https:\/\/ocorreionews.com.br\/?p=3817"},"modified":"2015-06-15T12:45:10","modified_gmt":"2015-06-15T16:45:10","slug":"agentes-de-endemias-realizam-bloqueio-contra-dengue-em-paraiso-das-aguas","status":"publish","type":"post","link":"https:\/\/www.ocorreionews.com.br\/acervo-correio\/?p=3817","title":{"rendered":"Agentes de Endemias realizam bloqueio contra dengue em Para\u00edso das \u00c1guas"},"content":{"rendered":"<p style=\"text-align: justify;\">A Secretaria Municipal de Sa\u00fade de Para\u00edso das \u00c1guas, confirmou que no per\u00edodo de janeiro \u00e0 maio de 2015, j\u00e1 foram registrado trinta casos de DENGUE no munic\u00edpio.<\/p>\n<p style=\"text-align: justify;\">S\u00f3 neste m\u00eas de junho, j\u00e1 foram registrados 10 casos de DENGUE. Por este motivo a Secretaria de Sa\u00fade, solicita o apoio da popula\u00e7\u00e3o e que fa\u00e7a sua parte, eliminado poss\u00edvel dep\u00f3sitos de \u00e1guas, para que n\u00e3o se torne um criadouro do MOSQUITO AEDYS AEGYPTY.<\/p>\n<p style=\"text-align: justify;\">Segundo dados fornecidos pela Secret\u00e1ria, com a forte incid\u00eancia de casos de DENGUE, o munic\u00edpio apresenta o \u00edndice \u00a0de ALTA \u00a0INCIDENCIA, por isto, a Secretaria de Sa\u00fade e Coordenadoria de Endemias faz um alerta \u00e0 popula\u00e7\u00e3o quanto ao momento CR\u00cdTICO que o munic\u00edpio e o \u00a0pa\u00eds enfrenta em rela\u00e7\u00e3o a DENGUE.<\/p>\n<p style=\"text-align: justify;\">De acordo com nosso Coordenador de Endemias, Mario Vaz, est\u00e1 sendo realizado bloqueios qu\u00edmicos (Pulveriza\u00e7\u00e3o), visitas, panfletagem em toda cidade e distritos, mas salienta que somente estes m\u00e9todos, n\u00e3o basta, h\u00e1 a necessidade da colabora\u00e7\u00e3o e participa\u00e7\u00e3o da popula\u00e7\u00e3o, com a\u00e7\u00f5es b\u00e1sicas como: limpando \u00a0seus quintais, retirando entulhos de matos, latas, copos, sacolas, pneus, garrafas, baldes com \u00e1gua, \u00a0tampando corretamente as caixas d\u00b4\u00e1gua, etc.<\/p>\n<p style=\"text-align: justify;\">Para a efic\u00e1cia no combate \u00e9 preciso que seja feito semanalmente e coletivamente, se cada um fizer sua parte e cobrar de seus familiares e vizinhos, para que tamb\u00e9m fa\u00e7am o mesmo.<\/p>\n<p style=\"text-align: justify;\">\u00c9 O MOSQUITO QUE DEVE MORRER (fiscalize \u00a0sua casa toda semana), acabar com o \u00a0criadouro \u00e9 viver com Sa\u00fade.<\/p>\n<p style=\"text-align: justify;\">Inclua na sua rotina esse h\u00e1bito contra a Dengue, Chikungunya e Zika.<\/p>\n<p style=\"text-align: justify;\">Estas doen\u00e7as s\u00e3o provocadas pelo Mosquito Aedes, o mesmo Mosquito que provoca a Dengue.<\/p>\n<p style=\"text-align: justify;\">Realiza\u00e7\u00e3o da Campanha: Prefeitura Municipal de Para\u00edso das \u00c1guas, Secretaria Municipal de Sa\u00fade e Coordenadoria de Endemias.<\/p>\n<p style=\"text-align: justify;\">\n<p style=\"text-align: justify;\">Fonte: Brito News<\/p>\n","protected":false},"excerpt":{"rendered":"<p>A Secretaria Municipal de Sa\u00fade de Para\u00edso das \u00c1guas, confirmou que no per\u00edodo de janeiro \u00e0 maio de 2015, j\u00e1 foram registrado trinta casos de DENGUE no munic\u00edpio. S\u00f3 neste m\u00eas de junho, j\u00e1 foram registrados 10 casos de DENGUE. Por este motivo a Secretaria de Sa\u00fade, solicita o apoio da popula\u00e7\u00e3o e que fa\u00e7a [&hellip;]<\/p>\n","protected":false},"author":4,"featured_media":3819,"comment_status":"closed","ping_status":"closed","sticky":false,"template":"","format":"standard","meta":{"footnotes":""},"categories":[36],"tags":[],"class_list":["post-3817","post","type-post","status-publish","format-standard","has-post-thumbnail","hentry","category-paraiso-das-aguas"],"_links":{"self":[{"href":"https:\/\/www.ocorreionews.com.br\/acervo-correio\/index.php?rest_route=\/wp\/v2\/posts\/3817","targetHints":{"allow":["GET"]}}],"collection":[{"href":"https:\/\/www.ocorreionews.com.br\/acervo-correio\/index.php?rest_route=\/wp\/v2\/posts"}],"about":[{"href":"https:\/\/www.ocorreionews.com.br\/acervo-correio\/index.php?rest_route=\/wp\/v2\/types\/post"}],"author":[{"embeddable":true,"href":"https:\/\/www.ocorreionews.com.br\/acervo-correio\/index.php?rest_route=\/wp\/v2\/users\/4"}],"replies":[{"embeddable":true,"href":"https:\/\/www.ocorreionews.com.br\/acervo-correio\/index.php?rest_route=%2Fwp%2Fv2%2Fcomments&post=3817"}],"version-history":[{"count":0,"href":"https:\/\/www.ocorreionews.com.br\/acervo-correio\/index.php?rest_route=\/wp\/v2\/posts\/3817\/revisions"}],"wp:featuredmedia":[{"embeddable":true,"href":"https:\/\/www.ocorreionews.com.br\/acervo-correio\/index.php?rest_route=\/wp\/v2\/media\/3819"}],"wp:attachment":[{"href":"https:\/\/www.ocorreionews.com.br\/acervo-correio\/index.php?rest_route=%2Fwp%2Fv2%2Fmedia&parent=3817"}],"wp:term":[{"taxonomy":"category","embeddable":true,"href":"https:\/\/www.ocorreionews.com.br\/acervo-correio\/index.php?rest_route=%2Fwp%2Fv2%2Fcategories&post=3817"},{"taxonomy":"post_tag","embeddable":true,"href":"https:\/\/www.ocorreionews.com.br\/acervo-correio\/index.php?rest_route=%2Fwp%2Fv2%2Ftags&post=3817"}],"curies":[{"name":"wp","href":"https:\/\/api.w.org\/{rel}","templated":true}]}}