{"id":3833,"date":"2015-06-15T13:56:25","date_gmt":"2015-06-15T17:56:25","guid":{"rendered":"https:\/\/ocorreionews.com.br\/?p=3833"},"modified":"2015-06-15T13:56:25","modified_gmt":"2015-06-15T17:56:25","slug":"funcionarios-da-odebrecht-agroindustrial-protestam-em-frente-ao-paco-municipal-em-defesa-do-emprego","status":"publish","type":"post","link":"https:\/\/www.ocorreionews.com.br\/acervo-correio\/?p=3833","title":{"rendered":"Funcion\u00e1rios da Odebrecht Agroindustrial protestam em frente ao Pa\u00e7o Municipal em defesa do emprego"},"content":{"rendered":"<div>Funcion\u00e1rios da empresa Odebrecht Agroindustrial protestam, no final da manh\u00e3 desta segunda-feira (15), em frente ao Pa\u00e7o Municipal, em Costa Rica \u2013 MS, em defesa dos seus empregos.<\/div>\n<div><\/div>\n<div>\u201cN\u00f3s funcion\u00e1rios, a empresa, prefeitura, Corpo de Bombeiros, os brigadista das usinas Cerradinho e IACO, toda a sociedade comprometida esteve mobilizada para conseguir apagar o inc\u00eandio de ontem. Ajudamos a salvar vidas ao socorrermos os moradores das fazendas atingidas, animais sofreram, a popula\u00e7\u00e3o sofreu, ser\u00e1 que essas pessoas n\u00e3o tem consci\u00eancia\u201d?, declarou indignado o colaborador Severino que falou em nome de todos os funcion\u00e1rios da usina que faziam o manifesto em frente ao Pa\u00e7o Municipal, em durante entrevista transmitida Ao Vivo pela emissora RCR Band.<\/div>\n<div><\/div>\n<div>Segundo o superintendente da Odebrecht Agroindustrial (Polo Taquari) Luiz Paulo Sant&#8217;Anna, o inc\u00eandio que teve in\u00edcio por volta das 9h de domingo (14), e foi provado em oito pontos similares atingindo 10 fazendas da regi\u00e3o, queimando quase 2 mil hectares de cana-de-a\u00e7\u00facar e palha.<\/div>\n<div><\/div>\n<div>\u201cConfiamos na compet\u00eancia do delegado Cleverson e na sua equipe para ajudar a investigar esse crime t\u00e3o b\u00e1rbaro. N\u00e3o podemos deixar isso impune, pois uma a\u00e7\u00e3o como essa poder\u00e1 causar grandes cortes, e comprometer novos investimentos em Costa Rica e Regi\u00e3o\u201d, declarou o superintendente da Odebrecht Agroindustrial Luiz Paulo ao rep\u00f3rter da TV Record de Alto Taquari.<\/div>\n<div><\/div>\n<div>O prefeito Waldeli dos Santos Rosa, a primeira-dama e vereadora Aurea Maria Frezarin Rosa, o presidente da C\u00e2mara Jos\u00e9 Augusto Maia Vasconcellos, o vice-prefeito Roberto Rodrigues, o vereador Ailton Amorim, o superintendente Luiz Paulo, o gerente de Pessoas e Administra\u00e7\u00e3o do Polo Taquari, Lu\u00eds Fernando Gai\u00e3o, lideres e colaborares da empresa tamb\u00e9m foram at\u00e9 a frente do Pa\u00e7o Municipal para dar apoio aos trabalhadores da usina.<\/div>\n<div><\/div>\n<div>\u201cRecebemos hoje aqui no Pa\u00e7o esses trabalhadores que lutam pelo emprego e que est\u00e3o desesperados com o inc\u00eandio ocorrido neste domingo. A cidade corre o risco de perder novos investimentos com essa a\u00e7\u00e3o. Sabemos da compet\u00eancia do Dr. Cleverson e sua equipe para investigar as causas do inc\u00eandio e assim se for o caso, em poucos dias chegar aos criminosos e dar uma resposta para a comunidade. Os culpados tem que ser punidos, pois colocou em risco a vida de muitas fam\u00edlias\u201d, declarou o prefeito Waldeli a TV Record de Alto Taquari \u2013 MT que veio cobrir o protesto dos funcion\u00e1rios.<\/div>\n<div><\/div>\n<div>As fazendas atingidas com o inc\u00eandio foram: Nossa Senhora Aparecida; Santa Catarina; Imbiruss\u00fa III; Piacatu; S\u00e3o Sebasti\u00e3o do Imbiruss\u00fa II; Furnas do Indai\u00e1; Eldorado; Ch\u00e1cara S\u00e3o Luiz e Eldorado II.<\/div>\n<div><\/div>\n<div>At\u00e9 o momento os preju\u00edzos com o suposto inc\u00eandio criminoso \u00e9 incalcul\u00e1vel. A Pol\u00edcia Civil investiga as causas do inc\u00eandio e com o apoio do sistema de filmagem da usina j\u00e1 tem alguns suspeitos. \u201cN\u00f3s estamos aqui indignados. Muita gente poderia ter morrido. Se esse crime n\u00e3o for desvendado poder\u00e1 prejudicar inocentes\u201d, finalizou o trabalhador Severino.<\/div>\n<div><\/div>\n<div>Quem tiver alguma informa\u00e7\u00e3o que possa colaborar com a investi\u00e7\u00e3o pode procurar a Delegacia de Pol\u00edcia Civil ou ligar no (67) 3247 1301, o delegado Cleveson Alves dos Santos garante singilo.<\/div>\n<div><a href=\"https:\/\/ocorreionews.com.br\/wp-content\/uploads\/2015\/06\/manifesta\u00e7\u00e3o-cr-2.jpg\"><img loading=\"lazy\" decoding=\"async\" class=\"alignnone  wp-image-3834\" src=\"https:\/\/ocorreionews.com.br\/wp-content\/uploads\/2015\/06\/manifesta\u00e7\u00e3o-cr-2.jpg\" alt=\"manifesta\u00e7\u00e3o cr 2\" width=\"526\" height=\"332\" srcset=\"https:\/\/www.ocorreionews.com.br\/acervo-correio\/wp-content\/uploads\/2015\/06\/manifesta\u00e7\u00e3o-cr-2.jpg 630w, https:\/\/www.ocorreionews.com.br\/acervo-correio\/wp-content\/uploads\/2015\/06\/manifesta\u00e7\u00e3o-cr-2-300x190.jpg 300w, https:\/\/www.ocorreionews.com.br\/acervo-correio\/wp-content\/uploads\/2015\/06\/manifesta\u00e7\u00e3o-cr-2-171x108.jpg 171w\" sizes=\"auto, (max-width: 526px) 100vw, 526px\" \/><\/a><\/div>\n<div><\/div>\n<div><em><strong>Fonte: Costa Rica em Foco<\/strong><\/em><\/div>\n<div><\/div>\n","protected":false},"excerpt":{"rendered":"<p>Funcion\u00e1rios da empresa Odebrecht Agroindustrial protestam, no final da manh\u00e3 desta segunda-feira (15), em frente ao Pa\u00e7o Municipal, em Costa Rica \u2013 MS, em defesa dos seus empregos. \u201cN\u00f3s funcion\u00e1rios, a empresa, prefeitura, Corpo de Bombeiros, os brigadista das usinas Cerradinho e IACO, toda a sociedade comprometida esteve mobilizada para conseguir apagar o inc\u00eandio de [&hellip;]<\/p>\n","protected":false},"author":4,"featured_media":3835,"comment_status":"closed","ping_status":"closed","sticky":false,"template":"","format":"standard","meta":{"footnotes":""},"categories":[25],"tags":[],"class_list":["post-3833","post","type-post","status-publish","format-standard","has-post-thumbnail","hentry","category-costa-rica"],"_links":{"self":[{"href":"https:\/\/www.ocorreionews.com.br\/acervo-correio\/index.php?rest_route=\/wp\/v2\/posts\/3833","targetHints":{"allow":["GET"]}}],"collection":[{"href":"https:\/\/www.ocorreionews.com.br\/acervo-correio\/index.php?rest_route=\/wp\/v2\/posts"}],"about":[{"href":"https:\/\/www.ocorreionews.com.br\/acervo-correio\/index.php?rest_route=\/wp\/v2\/types\/post"}],"author":[{"embeddable":true,"href":"https:\/\/www.ocorreionews.com.br\/acervo-correio\/index.php?rest_route=\/wp\/v2\/users\/4"}],"replies":[{"embeddable":true,"href":"https:\/\/www.ocorreionews.com.br\/acervo-correio\/index.php?rest_route=%2Fwp%2Fv2%2Fcomments&post=3833"}],"version-history":[{"count":0,"href":"https:\/\/www.ocorreionews.com.br\/acervo-correio\/index.php?rest_route=\/wp\/v2\/posts\/3833\/revisions"}],"wp:featuredmedia":[{"embeddable":true,"href":"https:\/\/www.ocorreionews.com.br\/acervo-correio\/index.php?rest_route=\/wp\/v2\/media\/3835"}],"wp:attachment":[{"href":"https:\/\/www.ocorreionews.com.br\/acervo-correio\/index.php?rest_route=%2Fwp%2Fv2%2Fmedia&parent=3833"}],"wp:term":[{"taxonomy":"category","embeddable":true,"href":"https:\/\/www.ocorreionews.com.br\/acervo-correio\/index.php?rest_route=%2Fwp%2Fv2%2Fcategories&post=3833"},{"taxonomy":"post_tag","embeddable":true,"href":"https:\/\/www.ocorreionews.com.br\/acervo-correio\/index.php?rest_route=%2Fwp%2Fv2%2Ftags&post=3833"}],"curies":[{"name":"wp","href":"https:\/\/api.w.org\/{rel}","templated":true}]}}