{"id":4015,"date":"2015-06-18T08:42:56","date_gmt":"2015-06-18T12:42:56","guid":{"rendered":"https:\/\/ocorreionews.com.br\/?p=4015"},"modified":"2015-06-18T08:42:56","modified_gmt":"2015-06-18T12:42:56","slug":"obrigatoriedade-do-extintor-abc-e-adiada-para-outubro","status":"publish","type":"post","link":"https:\/\/www.ocorreionews.com.br\/acervo-correio\/?p=4015","title":{"rendered":"Obrigatoriedade do extintor ABC \u00e9 adiada para outubro"},"content":{"rendered":"<p style=\"text-align: justify;\">O Minist\u00e9rio das Cidades anunciou nesta quarta-feira (17) que o prazo para a obrigatoriedade do extintor veicular do tipo ABC foi adiado para o dia 1\u00ba de outubro. Antes, a data prevista era 1\u00ba de julho. Esta \u00e9 a terceira vez que a exig\u00eancia \u00e9 prorrogada: esta medida havia sido anunciada na \u00faltima semana, mas a data n\u00e3o estava definida.<\/p>\n<p style=\"text-align: justify;\">O motivo do adiamento continua o mesmo: falta de produto. O Minist\u00e9rio das Cidades, ao qual o Departamento Nacional de Tr\u00e2nsito (Denatran) \u00e9 vinculado, disse que a Associa\u00e7\u00e3o Brasileira das Ind\u00fastrias de Equipamentos Contra Inc\u00eandio e Cilindros de Alta Press\u00e3o alega &#8220;falta de tempo h\u00e1bil para abastecer o mercado&#8221;.<\/p>\n<div class=\"saibamais componente_materia\" style=\"text-align: justify;\">O primeiro adiamento do prazo ocorreu no come\u00e7o do ano. A multa pela falta do extintor come\u00e7aria em 1\u00ba de janeiro e provocou uma corrida \u00e0s lojas e postos, mas, no dia 7 daquele m\u00eas, o governo mudou a data para 1\u00ba de abril.<\/div>\n<p style=\"text-align: justify;\">Em fevereiro, o <strong>G1<\/strong> fez um levantamento em lojas de 5 estados, em busca do extintor ABC, e constatou que a maioria dos estabelecimentos consultados ainda n\u00e3o contava com o equipamento.<\/p>\n<p style=\"text-align: justify;\">Em mar\u00e7o, uma segunda resolu\u00e7\u00e3o estendeu o prazo para 1\u00ba de julho.<\/p>\n<p style=\"text-align: justify;\">Quando entrar em vigor, a fiscaliza\u00e7\u00e3o ir\u00e1 punir com multa de R$ 127,69, al\u00e9m de 5\u00a0 pontos na carteira de habilita\u00e7\u00e3o, os motoristas que trafegarem com extintor que n\u00e3o seja do tipo ABC.<\/p>\n<p><strong>Qual a diferen\u00e7a, e quem deve trocar?<\/strong><br \/>\nO extintor do tipo ABC \u00e9 mais completo do que o BC, utilizado por alguns ve\u00edculos. O novo modelo, segundo o Denatran, tamb\u00e9m \u00e9 eficaz no combate a inc\u00eandios em materiais como madeira e tecidos, comuns no interior dos carros. O extintor ABC tem validade de 5 anos.<\/p>\n<p>Uma resolu\u00e7\u00e3o do Contran de 2004 estabeleceu que, a partir de 2009, todos os ve\u00edculos deveriam sair de f\u00e1brica com o extintor do tipo ABC. Por\u00e9m, a medida foi derrubada, e voltou a valer em 2009. Com isso, mesmo modelos produzidos entre 2004 e 2009 podem conter o equipamento do tipo BC.<\/p>\n<p>Vale lembrar que o adiamento n\u00e3o desobriga o uso de um extintor automotivo, com prazo de validade em vig\u00eancia. O n\u00e3o uso ou o uso de um item vencido tamb\u00e9m \u00e9 pass\u00edvel de multa.<\/p>\n<p style=\"text-align: justify;\"><strong>Alerta para extintores adulterados<\/strong><br \/>\nNa \u00faltima ter\u00e7a (16), a Associa\u00e7\u00e3o Nacional dos Detrans (AND) divulgou comunicado, alertando para a venda de extintores com data de validade ou de fabrica\u00e7\u00e3o adulteradas.<\/p>\n<p style=\"text-align: justify;\">A adultera\u00e7\u00e3o \u00e9 feita na data de fabrica\u00e7\u00e3o, validade ou no tipo do extintor, que deve ter validade de 5 anos. Algumas pistas de irregularidade s\u00e3o sinais de raspagens ou adesivos colocados por cima das datas.<\/p>\n<p style=\"text-align: justify;\">Apenas no Paran\u00e1 s\u00e3o pelo menos 10 casos por dia nas vistorias, diz a AND. Houve apreens\u00f5es em S\u00e3o Paulo, Minas Gerais e Mato Grosso.<\/p>\n","protected":false},"excerpt":{"rendered":"<p>O Minist\u00e9rio das Cidades anunciou nesta quarta-feira (17) que o prazo para a obrigatoriedade do extintor veicular do tipo ABC foi adiado para o dia 1\u00ba de outubro. Antes, a data prevista era 1\u00ba de julho. Esta \u00e9 a terceira vez que a exig\u00eancia \u00e9 prorrogada: esta medida havia sido anunciada na \u00faltima semana, mas [&hellip;]<\/p>\n","protected":false},"author":4,"featured_media":4016,"comment_status":"closed","ping_status":"closed","sticky":false,"template":"","format":"standard","meta":{"footnotes":""},"categories":[31],"tags":[],"class_list":["post-4015","post","type-post","status-publish","format-standard","has-post-thumbnail","hentry","category-geral"],"_links":{"self":[{"href":"https:\/\/www.ocorreionews.com.br\/acervo-correio\/index.php?rest_route=\/wp\/v2\/posts\/4015","targetHints":{"allow":["GET"]}}],"collection":[{"href":"https:\/\/www.ocorreionews.com.br\/acervo-correio\/index.php?rest_route=\/wp\/v2\/posts"}],"about":[{"href":"https:\/\/www.ocorreionews.com.br\/acervo-correio\/index.php?rest_route=\/wp\/v2\/types\/post"}],"author":[{"embeddable":true,"href":"https:\/\/www.ocorreionews.com.br\/acervo-correio\/index.php?rest_route=\/wp\/v2\/users\/4"}],"replies":[{"embeddable":true,"href":"https:\/\/www.ocorreionews.com.br\/acervo-correio\/index.php?rest_route=%2Fwp%2Fv2%2Fcomments&post=4015"}],"version-history":[{"count":0,"href":"https:\/\/www.ocorreionews.com.br\/acervo-correio\/index.php?rest_route=\/wp\/v2\/posts\/4015\/revisions"}],"wp:featuredmedia":[{"embeddable":true,"href":"https:\/\/www.ocorreionews.com.br\/acervo-correio\/index.php?rest_route=\/wp\/v2\/media\/4016"}],"wp:attachment":[{"href":"https:\/\/www.ocorreionews.com.br\/acervo-correio\/index.php?rest_route=%2Fwp%2Fv2%2Fmedia&parent=4015"}],"wp:term":[{"taxonomy":"category","embeddable":true,"href":"https:\/\/www.ocorreionews.com.br\/acervo-correio\/index.php?rest_route=%2Fwp%2Fv2%2Fcategories&post=4015"},{"taxonomy":"post_tag","embeddable":true,"href":"https:\/\/www.ocorreionews.com.br\/acervo-correio\/index.php?rest_route=%2Fwp%2Fv2%2Ftags&post=4015"}],"curies":[{"name":"wp","href":"https:\/\/api.w.org\/{rel}","templated":true}]}}