{"id":4023,"date":"2015-06-18T09:19:35","date_gmt":"2015-06-18T13:19:35","guid":{"rendered":"https:\/\/ocorreionews.com.br\/?p=4023"},"modified":"2015-06-18T09:19:35","modified_gmt":"2015-06-18T13:19:35","slug":"fim-da-desoneracao-da-folha-vai-elevar-desemprego","status":"publish","type":"post","link":"https:\/\/www.ocorreionews.com.br\/acervo-correio\/?p=4023","title":{"rendered":"Fim da desonera\u00e7\u00e3o da folha vai elevar desemprego"},"content":{"rendered":"<p style=\"text-align: justify;\">O Projeto de Lei (PL) 863\/2015, que trata o aumento da carga tribut\u00e1ria de setores que recolhiam taxas no regime especial de tributa\u00e7\u00e3o e que dever\u00e1 ser votado ainda nesta semana, poder\u00e1 elevar o \u00edndice de desemprego nas empresas de Mato Grosso do Sul. Caso o PL seja aprovado, as empresas que atualmente pagam al\u00edquota de 1% de contribui\u00e7\u00e3o previdenci\u00e1ria sobre a receita bruta ao Instituto Nacional de Seguridade Social (INSS) passar\u00e3o a pagar 2,5%, e setores que hoje pagam al\u00edquota de 2% passar\u00e3o a contribuir com 4,5%.<\/p>\n<p style=\"text-align: justify;\">De acordo com o primeiro-secret\u00e1rio da Associa\u00e7\u00e3o Comercial e Industrial de Campo Grande (ACICG), Roberto Oshiro, o projeto provocar\u00e1 num momento inoportuno, maior onera\u00e7\u00e3o da folha de pagamento. \u201cUm aumento tribut\u00e1rio generalizado poder\u00e1 gerar desemprego, aumento de pre\u00e7os ao consumidor e fechamento de centenas de empresas de nosso Estado, as quais j\u00e1 enfrentam dificuldades econ\u00f4micas\u201d, alerta.<\/p>\n<p style=\"text-align: justify;\">Oshiro afirma, tamb\u00e9m, que a aprova\u00e7\u00e3o do projeto elevar\u00e1 os custos para contrata\u00e7\u00e3o de m\u00e3o de obra, aprofundando ainda mais a crise no setor produtivo. \u201cOnerar ainda mais o custo de contrata\u00e7\u00e3o de m\u00e3o de obra far\u00e1 com que as empresas demitam mais. Os trabalhadores est\u00e3o preocupados com o emprego, e n\u00e3o \u00e9 o momento para criar \u00f4nus para sua manuten\u00e7\u00e3o. O que se deve criar s\u00e3o condi\u00e7\u00f5es e ambiente econ\u00f4mico, para estimular o emprego e n\u00e3o criar condi\u00e7\u00f5es de dificuldade para quem gera oportunidades de trabalho\u201d, analisa.<\/p>\n<p style=\"text-align: justify;\">\n<p style=\"text-align: justify;\">Correio do Estado e Ag\u00eancias<\/p>\n","protected":false},"excerpt":{"rendered":"<p>O Projeto de Lei (PL) 863\/2015, que trata o aumento da carga tribut\u00e1ria de setores que recolhiam taxas no regime especial de tributa\u00e7\u00e3o e que dever\u00e1 ser votado ainda nesta semana, poder\u00e1 elevar o \u00edndice de desemprego nas empresas de Mato Grosso do Sul. Caso o PL seja aprovado, as empresas que atualmente pagam al\u00edquota [&hellip;]<\/p>\n","protected":false},"author":4,"featured_media":1012,"comment_status":"closed","ping_status":"closed","sticky":false,"template":"","format":"standard","meta":{"footnotes":""},"categories":[26],"tags":[],"class_list":["post-4023","post","type-post","status-publish","format-standard","has-post-thumbnail","hentry","category-economia"],"_links":{"self":[{"href":"https:\/\/www.ocorreionews.com.br\/acervo-correio\/index.php?rest_route=\/wp\/v2\/posts\/4023","targetHints":{"allow":["GET"]}}],"collection":[{"href":"https:\/\/www.ocorreionews.com.br\/acervo-correio\/index.php?rest_route=\/wp\/v2\/posts"}],"about":[{"href":"https:\/\/www.ocorreionews.com.br\/acervo-correio\/index.php?rest_route=\/wp\/v2\/types\/post"}],"author":[{"embeddable":true,"href":"https:\/\/www.ocorreionews.com.br\/acervo-correio\/index.php?rest_route=\/wp\/v2\/users\/4"}],"replies":[{"embeddable":true,"href":"https:\/\/www.ocorreionews.com.br\/acervo-correio\/index.php?rest_route=%2Fwp%2Fv2%2Fcomments&post=4023"}],"version-history":[{"count":0,"href":"https:\/\/www.ocorreionews.com.br\/acervo-correio\/index.php?rest_route=\/wp\/v2\/posts\/4023\/revisions"}],"wp:featuredmedia":[{"embeddable":true,"href":"https:\/\/www.ocorreionews.com.br\/acervo-correio\/index.php?rest_route=\/wp\/v2\/media\/1012"}],"wp:attachment":[{"href":"https:\/\/www.ocorreionews.com.br\/acervo-correio\/index.php?rest_route=%2Fwp%2Fv2%2Fmedia&parent=4023"}],"wp:term":[{"taxonomy":"category","embeddable":true,"href":"https:\/\/www.ocorreionews.com.br\/acervo-correio\/index.php?rest_route=%2Fwp%2Fv2%2Fcategories&post=4023"},{"taxonomy":"post_tag","embeddable":true,"href":"https:\/\/www.ocorreionews.com.br\/acervo-correio\/index.php?rest_route=%2Fwp%2Fv2%2Ftags&post=4023"}],"curies":[{"name":"wp","href":"https:\/\/api.w.org\/{rel}","templated":true}]}}