{"id":4025,"date":"2015-06-18T09:28:36","date_gmt":"2015-06-18T13:28:36","guid":{"rendered":"https:\/\/ocorreionews.com.br\/?p=4025"},"modified":"2015-06-18T13:55:09","modified_gmt":"2015-06-18T17:55:09","slug":"chapadao-do-sul-debateu-os-desafios-na-implementacao-da-politica-da-pessoa-com-deficiencia","status":"publish","type":"post","link":"https:\/\/www.ocorreionews.com.br\/acervo-correio\/?p=4025","title":{"rendered":"Chapad\u00e3o do Sul debateu os Desafios na Implementa\u00e7\u00e3o da Pol\u00edtica da Pessoa com Defici\u00eancia"},"content":{"rendered":"<p style=\"text-align: justify;\">Foi realizado nesta quarta-feira, 17, o II F\u00f3rum Municipal dos Direitos da Pessoa com Defici\u00eancia, abordando o tema: \u201cOs Desafios na Implementa\u00e7\u00e3o da Pol\u00edtica da Pessoa com Defici\u00eancia: Transversalidade como radicalidade dos Direitos Humanos\u201d.<\/p>\n<p style=\"text-align: justify;\">O F\u00f3rum aconteceu das 7h \u00e0s 17h, na APAE debatendo tr\u00eas eixos principais: G\u00eanero, Ra\u00e7a e Etnia, Diversidade Sexual e Geracional; \u00d3rg\u00e3os Gestores e Inst\u00e2ncias de Participa\u00e7\u00e3o Social e A Intera\u00e7\u00e3o entre os Poderes e os Entes Federados.<\/p>\n<p style=\"text-align: justify;\">O evento contou com a participa\u00e7\u00e3o da conselheira Estadual dos Direitos da Pessoa com Efici\u00eancia, Iracema de F\u00e1tima Nais Inoue. A solenidade de abertura teve tamb\u00e9m a presen\u00e7a da Prefeita interina Liza Scheide, da Secret\u00e1ria de Assist\u00eancia Social, Jeane Gleice Camargo Barros, do vereador Abel Lemes e representantes de entidades.<\/p>\n<p style=\"text-align: justify;\"><img decoding=\"async\" src=\"http:\/\/www.chapadaodosul.ms.gov.br\/admin\/arquivos\/images\/forum2.jpg\" alt=\"\" \/>\u00a0 <img decoding=\"async\" src=\"http:\/\/www.chapadaodosul.ms.gov.br\/admin\/arquivos\/images\/forum3.jpg\" alt=\"\" \/><\/p>\n<p style=\"text-align: justify;\">Em seu discurso, Liza Scheide destacou a import\u00e2ncia da realiza\u00e7\u00e3o do F\u00f3rum, por saber que as pessoas est\u00e3o preocupadas, \u201cest\u00e3o tentando modificar e melhorar a acessibilidade, o emprego, o conhecimento, a educa\u00e7\u00e3o, a educa\u00e7\u00e3o \u00e9 o que move a sociedade, que desenvolve tanto as pessoas com defici\u00eancia quanto as que n\u00e3o t\u00eam defici\u00eancia\u201d. \u201cAtrav\u00e9s da educa\u00e7\u00e3o n\u00f3s podemos desenvolver a pessoa e a sociedade\u201d, enfatizou.<\/p>\n<p style=\"text-align: justify;\">O F\u00f3rum foi organizado pela Secretaria Municipal de Assist\u00eancia Social e APAE. A comiss\u00e3o organizadora contou ainda com o apoio das Secretarias de Educa\u00e7\u00e3o e Sa\u00fade.<\/p>\n<p style=\"text-align: justify;\"><em><strong><a href=\"http:\/\/www.chapadaodosul.ms.gov.br\/galeria\/ii-farum-municipal-dos-direitos-da-pessoa-com-deficiancia\/218\" target=\"_blank\">Mais fotos.<\/a><\/strong><\/em><\/p>\n<p style=\"text-align: justify;\">ASSECOM &#8211; PMCS<\/p>\n","protected":false},"excerpt":{"rendered":"<p>Foi realizado nesta quarta-feira, 17, o II F\u00f3rum Municipal dos Direitos da Pessoa com Defici\u00eancia, abordando o tema: \u201cOs Desafios na Implementa\u00e7\u00e3o da Pol\u00edtica da Pessoa com Defici\u00eancia: Transversalidade como radicalidade dos Direitos Humanos\u201d. O F\u00f3rum aconteceu das 7h \u00e0s 17h, na APAE debatendo tr\u00eas eixos principais: G\u00eanero, Ra\u00e7a e Etnia, Diversidade Sexual e Geracional; [&hellip;]<\/p>\n","protected":false},"author":4,"featured_media":4026,"comment_status":"closed","ping_status":"closed","sticky":false,"template":"","format":"standard","meta":{"footnotes":""},"categories":[23],"tags":[],"class_list":["post-4025","post","type-post","status-publish","format-standard","has-post-thumbnail","hentry","category-chapadao-do-sul"],"_links":{"self":[{"href":"https:\/\/www.ocorreionews.com.br\/acervo-correio\/index.php?rest_route=\/wp\/v2\/posts\/4025","targetHints":{"allow":["GET"]}}],"collection":[{"href":"https:\/\/www.ocorreionews.com.br\/acervo-correio\/index.php?rest_route=\/wp\/v2\/posts"}],"about":[{"href":"https:\/\/www.ocorreionews.com.br\/acervo-correio\/index.php?rest_route=\/wp\/v2\/types\/post"}],"author":[{"embeddable":true,"href":"https:\/\/www.ocorreionews.com.br\/acervo-correio\/index.php?rest_route=\/wp\/v2\/users\/4"}],"replies":[{"embeddable":true,"href":"https:\/\/www.ocorreionews.com.br\/acervo-correio\/index.php?rest_route=%2Fwp%2Fv2%2Fcomments&post=4025"}],"version-history":[{"count":0,"href":"https:\/\/www.ocorreionews.com.br\/acervo-correio\/index.php?rest_route=\/wp\/v2\/posts\/4025\/revisions"}],"wp:featuredmedia":[{"embeddable":true,"href":"https:\/\/www.ocorreionews.com.br\/acervo-correio\/index.php?rest_route=\/wp\/v2\/media\/4026"}],"wp:attachment":[{"href":"https:\/\/www.ocorreionews.com.br\/acervo-correio\/index.php?rest_route=%2Fwp%2Fv2%2Fmedia&parent=4025"}],"wp:term":[{"taxonomy":"category","embeddable":true,"href":"https:\/\/www.ocorreionews.com.br\/acervo-correio\/index.php?rest_route=%2Fwp%2Fv2%2Fcategories&post=4025"},{"taxonomy":"post_tag","embeddable":true,"href":"https:\/\/www.ocorreionews.com.br\/acervo-correio\/index.php?rest_route=%2Fwp%2Fv2%2Ftags&post=4025"}],"curies":[{"name":"wp","href":"https:\/\/api.w.org\/{rel}","templated":true}]}}