{"id":4029,"date":"2015-06-18T13:11:02","date_gmt":"2015-06-18T17:11:02","guid":{"rendered":"https:\/\/ocorreionews.com.br\/?p=4029"},"modified":"2015-06-18T13:11:02","modified_gmt":"2015-06-18T17:11:02","slug":"vereador-paulinho-da-mec-ceu-fala-sobre-desemprego-no-municipio","status":"publish","type":"post","link":"https:\/\/www.ocorreionews.com.br\/acervo-correio\/?p=4029","title":{"rendered":"Vereador Paulinho da Mec C\u00e9u fala sobre desemprego no munic\u00edpio"},"content":{"rendered":"<p style=\"text-align: justify;\">Uma das principais bandeiras defendidas pelo Vereador Paulo S\u00e9rgio A. de P\u00e1dua (PTB), \u00e9 a gera\u00e7\u00e3o de empregos e abertura de oportunidades para os jovens no mercado de trabalho.<\/p>\n<p style=\"text-align: justify;\">Na segunda feira, dia 01 de junho, o vereador novamente usou a tribuna para relatar a situa\u00e7\u00e3o preocupante do munic\u00edpio com o aumento do desemprego devido \u00e0 crise econ\u00f4mica e a falta de ofertas no mercado de trabalho.<\/p>\n<p style=\"text-align: justify;\">\u201cParticipo de v\u00e1rias reuni\u00f5es com a popula\u00e7\u00e3o de Chapad\u00e3o do C\u00e9u, sou questionado com frequ\u00eancia sobre as dificuldades enfrentadas pelos jovens e pais de fam\u00edlia na busca de emprego. Precisamos que o setor industrial seja implantado o mais breve poss\u00edvel para que possamos buscar empresas de pequeno e m\u00e9dio porte, assim novas oportunidades de trabalho ser\u00e3o abertas e nossos jovens ir\u00e3o ingressar no mercado de trabalho ficando longe das drogas e do \u00e1lcool, costumo destacar que um jovem que possui um trabalho n\u00e3o tem tempo ocioso para ficar na marginalidade.\u201d Disse.<\/p>\n<p style=\"text-align: justify;\">Finalizou lamentando a morte do jovem Jonathas Guimar\u00e3es de 24 anos, que foi atingido por uma bala perdida, na Pra\u00e7a Filog\u00f4nio Garcia, na noite de s\u00e1bado dia 30 de maio.<\/p>\n<p style=\"text-align: justify;\">\u201cDeixo meus sentimentos a fam\u00edlia do jovem Jonathas que morreu ap\u00f3s ser por um tiro na Pra\u00e7a Filog\u00f4nio Garcia, um jovem que veio do Maranh\u00e3o em busca de oportunidades e estava trabalhando no munic\u00edpio, uma morte que deixou a popula\u00e7\u00e3o preocupada com a viol\u00eancia, pe\u00e7o a Pol\u00edcia Militar que na pr\u00f3xima festa ao ar livre que deixe a viatura com o giroflex ligado e o servi\u00e7o de sa\u00fade disponibilize tamb\u00e9m uma ambul\u00e2ncia para permanecer no local durante as festas ao ar livre\u201d citou.<\/p>\n","protected":false},"excerpt":{"rendered":"<p>Uma das principais bandeiras defendidas pelo Vereador Paulo S\u00e9rgio A. de P\u00e1dua (PTB), \u00e9 a gera\u00e7\u00e3o de empregos e abertura de oportunidades para os jovens no mercado de trabalho. Na segunda feira, dia 01 de junho, o vereador novamente usou a tribuna para relatar a situa\u00e7\u00e3o preocupante do munic\u00edpio com o aumento do desemprego devido [&hellip;]<\/p>\n","protected":false},"author":4,"featured_media":2028,"comment_status":"closed","ping_status":"closed","sticky":false,"template":"","format":"standard","meta":{"footnotes":""},"categories":[22],"tags":[],"class_list":["post-4029","post","type-post","status-publish","format-standard","has-post-thumbnail","hentry","category-chapadao-do-ceu"],"_links":{"self":[{"href":"https:\/\/www.ocorreionews.com.br\/acervo-correio\/index.php?rest_route=\/wp\/v2\/posts\/4029","targetHints":{"allow":["GET"]}}],"collection":[{"href":"https:\/\/www.ocorreionews.com.br\/acervo-correio\/index.php?rest_route=\/wp\/v2\/posts"}],"about":[{"href":"https:\/\/www.ocorreionews.com.br\/acervo-correio\/index.php?rest_route=\/wp\/v2\/types\/post"}],"author":[{"embeddable":true,"href":"https:\/\/www.ocorreionews.com.br\/acervo-correio\/index.php?rest_route=\/wp\/v2\/users\/4"}],"replies":[{"embeddable":true,"href":"https:\/\/www.ocorreionews.com.br\/acervo-correio\/index.php?rest_route=%2Fwp%2Fv2%2Fcomments&post=4029"}],"version-history":[{"count":0,"href":"https:\/\/www.ocorreionews.com.br\/acervo-correio\/index.php?rest_route=\/wp\/v2\/posts\/4029\/revisions"}],"wp:featuredmedia":[{"embeddable":true,"href":"https:\/\/www.ocorreionews.com.br\/acervo-correio\/index.php?rest_route=\/wp\/v2\/media\/2028"}],"wp:attachment":[{"href":"https:\/\/www.ocorreionews.com.br\/acervo-correio\/index.php?rest_route=%2Fwp%2Fv2%2Fmedia&parent=4029"}],"wp:term":[{"taxonomy":"category","embeddable":true,"href":"https:\/\/www.ocorreionews.com.br\/acervo-correio\/index.php?rest_route=%2Fwp%2Fv2%2Fcategories&post=4029"},{"taxonomy":"post_tag","embeddable":true,"href":"https:\/\/www.ocorreionews.com.br\/acervo-correio\/index.php?rest_route=%2Fwp%2Fv2%2Ftags&post=4029"}],"curies":[{"name":"wp","href":"https:\/\/api.w.org\/{rel}","templated":true}]}}