{"id":4030,"date":"2015-06-18T13:14:30","date_gmt":"2015-06-18T17:14:30","guid":{"rendered":"https:\/\/ocorreionews.com.br\/?p=4030"},"modified":"2015-06-18T13:16:51","modified_gmt":"2015-06-18T17:16:51","slug":"prefeitura-de-chapadao-do-sul-convoca-aprovados-em-processo-seletivo","status":"publish","type":"post","link":"https:\/\/www.ocorreionews.com.br\/acervo-correio\/?p=4030","title":{"rendered":"Prefeitura de Chapad\u00e3o do Sul convoca aprovados em processo seletivo"},"content":{"rendered":"<p style=\"text-align: center;\"><strong><em>EDITAL N\u00b0 03\/2015 \u2013 CONVOCA\u00c7\u00c3O<\/em><\/strong><br \/>\n<strong><em>PROCESSO SELETIVO SIMPLIFICADO<\/em><\/strong><br \/>\n<strong><em>SECRETARIA DE DESENVOLVIMENTO ECON\u00d4MICO DE MEIO AMBIENTE<\/em><\/strong><\/p>\n<p><em>A PREFEITA MUNICIPAL INTERINA DE CHAPAD\u00c3O DO SUL, ESTADO DE MATO GROSSO DO SUL, no uso de suas atribui\u00e7\u00f5es, torna p\u00fablico para conhecimento dos interessados, a convoca\u00e7\u00e3o dos candidatos aprovados, no Processo Seletivo Simplificado para contra\u00e7\u00e3o tempor\u00e1ria, para atendimento da Secretaria Municipal de Desenvolvimento Econ\u00f4mica de Meio Ambiente:<\/em><\/p>\n<p><em>1 &#8211; DA CONVOCA\u00c7\u00c3O<\/em><\/p>\n<p><em>1.1 &#8211; Ficam CONVOCADO (A)(S) o(a)(s) candidato(a)(s) constantes da rela\u00e7\u00e3o abaixo, para comparecerem na Prefeitura Municipal de Chapad\u00e3o do Sul, no Departamento de Recursos Humanos, sito na Avenida Seis, n\u00b0 706, centro, cidade de Chapad\u00e3o do Sul-MS, munidos da documenta\u00e7\u00e3o pertinente, para tomarem posse do cargo respectivo, tendo em vista a aprova\u00e7\u00e3o em Processo Seletivo Simplificado:<\/em><br \/>\n<em>Cargo: <\/em><\/p>\n<p><em>Auxiliar de Servi\u00e7os operacionais II<\/em><br \/>\n<em>1- JANAINA PEREIRA DA SILVA<\/em><br \/>\n<em>2- IVANIR MARIA DA ROSA CARDOSO<\/em><br \/>\n<em>3- ELPIDIO EVIDIO ZIMMER<\/em><br \/>\n<em>4- DERCY MARTINS DOS SANTOS<\/em><\/p>\n<p><em>1.2 &#8211; O(s) candidato(s) convocado(s) t\u00eam o prazo de 5 (cinco) dias para a posse no cargo respectivo.<\/em><\/p>\n<p><em>1.3 &#8211; O n\u00e3o Comparecimento do(s) candidato(s) convocado(s) sem causa justificada no prazo de 5 (cinco) dias, acarretar\u00e1 a perda do direito de nomea\u00e7\u00e3o, e a crit\u00e9rio e conveni\u00eancia da Administra\u00e7\u00e3o implicar\u00e1 na convoca\u00e7\u00e3o do pr\u00f3ximo candidato classificado.<\/em><\/p>\n<p style=\"text-align: center;\"><em>Chapad\u00e3o do Sul, 17 de junho de 2015.<\/em><\/p>\n<p style=\"text-align: center;\"><em>Elizabeth Buschmann Scheide<\/em><br \/>\n<em>Prefeita Municipal Interina<\/em><\/p>\n<p style=\"text-align: center;\">\n<p style=\"text-align: justify;\">DOCUMENTOS NECESS\u00c1RIOS PARA A POSSE S\u00c3O OS\u00a0RELACIONADOS A SEGUIR:<br \/>\n1-Uma c\u00f3pia de cada sem amassar ou<br \/>\ndobrar:<br \/>\n&#8211; Comprovante de escolaridade exigida para o cargo<br \/>\n(diploma e hist\u00f3rico);<br \/>\n&#8211; Certid\u00e3o de casamento ou nascimento;<br \/>\n&#8211; Certid\u00e3o de nascimento dos filhos, se tiver;<br \/>\n&#8211; Carteira de Identidade;<br \/>\n&#8211; T\u00edtulo de Eleitor;<br \/>\n&#8211; Comprovante da \u00faltima vota\u00e7\u00e3o;<br \/>\n&#8211; CPF;<br \/>\n&#8211; PASEP;<br \/>\n&#8211; Carteira Profissional de Trabalho;<br \/>\n&#8211; Certificado Militar (para homens);<br \/>\n&#8211; Carteira Nacional de Habilita\u00e7\u00e3o (CNH);<br \/>\n&#8211; Carteira do \u00d3rg\u00e3o da Classe (quando necess\u00e1rio);<br \/>\n&#8211; Laudo de Inspe\u00e7\u00e3o M\u00e9dica e Psicol\u00f3gica (avalia\u00e7\u00e3o<br \/>\nmarcada pela Prefeitura);<br \/>\n&#8211; Comprovante de resid\u00eancia;<br \/>\n&#8211; N\u00famero de Telefone para contato;<br \/>\n&#8211; Conta Banco do Brasil.<\/p>\n<p style=\"text-align: justify;\">2 \u2013 Originais (a serem preenchidos no ato\u00a0da posse):<br \/>\n&#8211; Declara\u00e7\u00e3o de bens e valores;<br \/>\n&#8211; Declara\u00e7\u00e3o de n\u00e3o acumula\u00e7\u00e3o de cargos;<\/p>\n","protected":false},"excerpt":{"rendered":"<p>EDITAL N\u00b0 03\/2015 \u2013 CONVOCA\u00c7\u00c3O PROCESSO SELETIVO SIMPLIFICADO SECRETARIA DE DESENVOLVIMENTO ECON\u00d4MICO DE MEIO AMBIENTE A PREFEITA MUNICIPAL INTERINA DE CHAPAD\u00c3O DO SUL, ESTADO DE MATO GROSSO DO SUL, no uso de suas atribui\u00e7\u00f5es, torna p\u00fablico para conhecimento dos interessados, a convoca\u00e7\u00e3o dos candidatos aprovados, no Processo Seletivo Simplificado para contra\u00e7\u00e3o tempor\u00e1ria, para atendimento da [&hellip;]<\/p>\n","protected":false},"author":4,"featured_media":4032,"comment_status":"closed","ping_status":"closed","sticky":false,"template":"","format":"standard","meta":{"footnotes":""},"categories":[23],"tags":[],"class_list":["post-4030","post","type-post","status-publish","format-standard","has-post-thumbnail","hentry","category-chapadao-do-sul"],"_links":{"self":[{"href":"https:\/\/www.ocorreionews.com.br\/acervo-correio\/index.php?rest_route=\/wp\/v2\/posts\/4030","targetHints":{"allow":["GET"]}}],"collection":[{"href":"https:\/\/www.ocorreionews.com.br\/acervo-correio\/index.php?rest_route=\/wp\/v2\/posts"}],"about":[{"href":"https:\/\/www.ocorreionews.com.br\/acervo-correio\/index.php?rest_route=\/wp\/v2\/types\/post"}],"author":[{"embeddable":true,"href":"https:\/\/www.ocorreionews.com.br\/acervo-correio\/index.php?rest_route=\/wp\/v2\/users\/4"}],"replies":[{"embeddable":true,"href":"https:\/\/www.ocorreionews.com.br\/acervo-correio\/index.php?rest_route=%2Fwp%2Fv2%2Fcomments&post=4030"}],"version-history":[{"count":0,"href":"https:\/\/www.ocorreionews.com.br\/acervo-correio\/index.php?rest_route=\/wp\/v2\/posts\/4030\/revisions"}],"wp:featuredmedia":[{"embeddable":true,"href":"https:\/\/www.ocorreionews.com.br\/acervo-correio\/index.php?rest_route=\/wp\/v2\/media\/4032"}],"wp:attachment":[{"href":"https:\/\/www.ocorreionews.com.br\/acervo-correio\/index.php?rest_route=%2Fwp%2Fv2%2Fmedia&parent=4030"}],"wp:term":[{"taxonomy":"category","embeddable":true,"href":"https:\/\/www.ocorreionews.com.br\/acervo-correio\/index.php?rest_route=%2Fwp%2Fv2%2Fcategories&post=4030"},{"taxonomy":"post_tag","embeddable":true,"href":"https:\/\/www.ocorreionews.com.br\/acervo-correio\/index.php?rest_route=%2Fwp%2Fv2%2Ftags&post=4030"}],"curies":[{"name":"wp","href":"https:\/\/api.w.org\/{rel}","templated":true}]}}