{"id":4035,"date":"2015-06-18T13:38:37","date_gmt":"2015-06-18T17:38:37","guid":{"rendered":"https:\/\/ocorreionews.com.br\/?p=4035"},"modified":"2015-06-18T13:38:37","modified_gmt":"2015-06-18T17:38:37","slug":"paraiso-das-aguas-realiza-a-entrega-das-primeiras-casas-do-programa-aconchego-do-meu-lar","status":"publish","type":"post","link":"https:\/\/www.ocorreionews.com.br\/acervo-correio\/?p=4035","title":{"rendered":"Para\u00edso das \u00c1guas realiza a entrega das primeiras casas do Programa Aconchego do Meu Lar"},"content":{"rendered":"<p>Visando a melhoria da qualidade de vida de seus habitantes, a administra\u00e7\u00e3o municipal de Para\u00edso das \u00c1guas entrega as primeiras casas do Programa Aconchego do meu lar.<\/p>\n<p>A ordem de servi\u00e7o das cinco primeiras casas aconteceu em 14 de julho de 2014 e num prazo de onze meses as casas foram constru\u00eddas, e a empresa respons\u00e1vel foi a Conexon\/Arquitetura, vencedora do processo licitat\u00f3rio.<\/p>\n<p>Segue o cronograma das entregas das casas que iniciaram na tarde de 17 de junho:<\/p>\n<p>Data: 17 de junho \u00e0s 15:00h \u2013 Rua Arist\u00f3teles Garcia Vida, 126 \u2013 Propriet\u00e1ria: Aparecida Narcisa da Silva.<\/p>\n<p>Data: 18 de junho \u00e0s 09:00h \u2013 Rua Jos\u00e9 Almeida Sobrinho, 263 \u2013 Propriet\u00e1ria: Margarida Francisca de Paula; \u00e0s 15:00h \u2013 Rua C\u00e2ndido Tomaz da Silva, 206 e \u00e0s\u00a0 17:00h \u2013 Rua Arist\u00f3teles Garcia Vida, 622 \u2013 Propriet\u00e1rio: Edgar Tavares da Silva.<\/p>\n<p>Data: 27 de junho \u00e0s 09:00 \u2013 Rua Francisco Rodrigues da Cunha, 21 \u2013 Propriet\u00e1ria: Tereza Mariano da Silva.<\/p>\n<p>Vale ressaltar que todos os cinco propriet\u00e1rios assinaram as escrituras de suas casas devidamente registradas no Cart\u00f3rio de Para\u00edso das \u00c1guas.<\/p>\n<p>Os interessados em serem os pr\u00f3ximos contemplados com o Programa, favor se cadastrarem na Secretaria Municipal de Assist\u00eancia Social, e ap\u00f3s passarem por uma avalia\u00e7\u00e3o, com emiss\u00e3o do parecer t\u00e9cnico e aprova\u00e7\u00e3o do Conselho, o propriet\u00e1rio e a casa que obedecerem todos os crit\u00e9rios com comprova\u00e7\u00e3o de insalubridade, ser\u00e1 contemplado com uma constru\u00e7\u00e3o de casa de alvenaria, de 32,50m\u00b2, com: 2 dormit\u00f3rios, 1 banheiro, 1 cozinha e 1 sala de estar.<\/p>\n<p>Foi emocionante a satisfa\u00e7\u00e3o registrada do rosto da Dona Aparecida Narciso da Silva, ao receber a chave de sua nova casa pelas m\u00e3os do Prefeito Municipal Ivan Xixi e a equipe da administra\u00e7\u00e3o municipal fica com sentimento de miss\u00e3o cumprida em poder proporcionar uma moradia digna a todos os cinco primeiros contemplados.<\/p>\n<p>&nbsp;<\/p>\n<p>&nbsp;<\/p>\n<p>ASSECOM \u2013 Prefeitura Municipal de Para\u00edso das \u00c1guas &#8211; MS<\/p>\n","protected":false},"excerpt":{"rendered":"<p>Visando a melhoria da qualidade de vida de seus habitantes, a administra\u00e7\u00e3o municipal de Para\u00edso das \u00c1guas entrega as primeiras casas do Programa Aconchego do meu lar. A ordem de servi\u00e7o das cinco primeiras casas aconteceu em 14 de julho de 2014 e num prazo de onze meses as casas foram constru\u00eddas, e a empresa [&hellip;]<\/p>\n","protected":false},"author":4,"featured_media":4036,"comment_status":"closed","ping_status":"closed","sticky":false,"template":"","format":"standard","meta":{"footnotes":""},"categories":[36],"tags":[],"class_list":["post-4035","post","type-post","status-publish","format-standard","has-post-thumbnail","hentry","category-paraiso-das-aguas"],"_links":{"self":[{"href":"https:\/\/www.ocorreionews.com.br\/acervo-correio\/index.php?rest_route=\/wp\/v2\/posts\/4035","targetHints":{"allow":["GET"]}}],"collection":[{"href":"https:\/\/www.ocorreionews.com.br\/acervo-correio\/index.php?rest_route=\/wp\/v2\/posts"}],"about":[{"href":"https:\/\/www.ocorreionews.com.br\/acervo-correio\/index.php?rest_route=\/wp\/v2\/types\/post"}],"author":[{"embeddable":true,"href":"https:\/\/www.ocorreionews.com.br\/acervo-correio\/index.php?rest_route=\/wp\/v2\/users\/4"}],"replies":[{"embeddable":true,"href":"https:\/\/www.ocorreionews.com.br\/acervo-correio\/index.php?rest_route=%2Fwp%2Fv2%2Fcomments&post=4035"}],"version-history":[{"count":0,"href":"https:\/\/www.ocorreionews.com.br\/acervo-correio\/index.php?rest_route=\/wp\/v2\/posts\/4035\/revisions"}],"wp:featuredmedia":[{"embeddable":true,"href":"https:\/\/www.ocorreionews.com.br\/acervo-correio\/index.php?rest_route=\/wp\/v2\/media\/4036"}],"wp:attachment":[{"href":"https:\/\/www.ocorreionews.com.br\/acervo-correio\/index.php?rest_route=%2Fwp%2Fv2%2Fmedia&parent=4035"}],"wp:term":[{"taxonomy":"category","embeddable":true,"href":"https:\/\/www.ocorreionews.com.br\/acervo-correio\/index.php?rest_route=%2Fwp%2Fv2%2Fcategories&post=4035"},{"taxonomy":"post_tag","embeddable":true,"href":"https:\/\/www.ocorreionews.com.br\/acervo-correio\/index.php?rest_route=%2Fwp%2Fv2%2Ftags&post=4035"}],"curies":[{"name":"wp","href":"https:\/\/api.w.org\/{rel}","templated":true}]}}