{"id":4040,"date":"2015-06-18T14:04:36","date_gmt":"2015-06-18T18:04:36","guid":{"rendered":"https:\/\/ocorreionews.com.br\/?p=4040"},"modified":"2015-06-18T14:04:36","modified_gmt":"2015-06-18T18:04:36","slug":"vereador-paulinho-fala-sobre-atuacao-da-camara-de-vereadores","status":"publish","type":"post","link":"https:\/\/www.ocorreionews.com.br\/acervo-correio\/?p=4040","title":{"rendered":"Vereador Paulinho fala sobre atua\u00e7\u00e3o da C\u00e2mara de Vereadores"},"content":{"rendered":"<p style=\"text-align: justify;\">Descontente com o tratamento hostil que os vereadores recebem quando questionam algum setor ou \u00f3rg\u00e3o da administra\u00e7\u00e3o municipal, o Vereador Paulo S\u00e9rgio A.de P\u00e1dua em uso da tribuna durante a Sess\u00e3o Ordin\u00e1ria realizada no dia 01 de junho, falou sobre as atribui\u00e7\u00f5es dos parlamentares e o trabalho na defesa dos interesses da popula\u00e7\u00e3o.<\/p>\n<p style=\"text-align: justify;\">\u201c Fico triste quando alguma pessoa ao inv\u00e9s de questionar um vereador sobre determinado assunto prefere ficar tratando o parlamentar de forma hostil, acredito que todos n\u00f3s vereadores estamos trabalhando para defender os mais diversos interesses da popula\u00e7\u00e3o\u201d disse.<\/p>\n<p style=\"text-align: justify;\">Relatou as principais fun\u00e7\u00f5es dos vereadores:<\/p>\n<p style=\"text-align: justify;\">1.\u00a0\u00a0\u00a0\u00a0\u00a0\u00a0\u00a0\u00a0\u00a0\u00a0\u00a0\u00a0\u00a0\u00a0\u00a0\u00a0\u00a0 <strong>Fun\u00e7\u00e3o Legislativa:<\/strong>\u00a0consiste em elaborar as leis que s\u00e3o de compet\u00eancia do Munic\u00edpio, discutir e votar os projetos que ser\u00e3o transformados em Leis, buscando organizar a vida da comunidade.<\/p>\n<p style=\"text-align: justify;\">2.\u00a0\u00a0\u00a0\u00a0\u00a0\u00a0\u00a0\u00a0\u00a0\u00a0\u00a0\u00a0\u00a0\u00a0\u00a0\u00a0\u00a0 <strong>Fun\u00e7\u00e3o Fiscalizadora:<\/strong>\u00a0o Vereador tem o poder e o dever de fiscalizar a administra\u00e7\u00e3o, cuidar da aplica\u00e7\u00e3o dos recursos, a observ\u00e2ncia do or\u00e7amento. Tamb\u00e9m fiscaliza atrav\u00e9s do pedido de informa\u00e7\u00f5es.<\/p>\n<p style=\"text-align: justify;\">3.\u00a0\u00a0\u00a0\u00a0\u00a0\u00a0\u00a0\u00a0\u00a0\u00a0\u00a0\u00a0\u00a0\u00a0\u00a0\u00a0\u00a0 <strong>Fun\u00e7\u00e3o de Assessoramento ao Executivo:<\/strong>\u00a0esta fun\u00e7\u00e3o \u00e9 aplicada \u00e0s atividades parlamentares de apoio e de discuss\u00e3o das pol\u00edticas p\u00fablicas a serem implantadas por programas governamentais, via plano plurianual, lei de diretrizes or\u00e7ament\u00e1rias e lei or\u00e7ament\u00e1ria anual (poder de emendar, participa\u00e7\u00e3o da sociedade e a realiza\u00e7\u00e3o de audi\u00eancias p\u00fablicas).<\/p>\n<p style=\"text-align: justify;\">4.\u00a0\u00a0\u00a0\u00a0\u00a0\u00a0\u00a0\u00a0\u00a0\u00a0\u00a0\u00a0\u00a0\u00a0\u00a0\u00a0\u00a0 <strong>Fun\u00e7\u00e3o Julgadora:<\/strong>\u00a0a C\u00e2mara tem a fun\u00e7\u00e3o de aprecia\u00e7\u00e3o das contas p\u00fablicas dos administradores e da apura\u00e7\u00e3o de infra\u00e7\u00f5es pol\u00edtico-administrativas por parte do Prefeito e dos Vereadores.<\/p>\n<p style=\"text-align: justify;\">\u00a0\u00a0 Segundo o Vereador Paulo S\u00e9rgio, a popula\u00e7\u00e3o com raz\u00e3o busca solu\u00e7\u00f5es para seus problemas, por\u00e9m, n\u00e3o cabe ao vereador executar as leis, isso \u00e9 uma fun\u00e7\u00e3o do Poder Executivo.<\/p>\n<p style=\"text-align: justify;\">\u201cO Vereador \u00e9 o pol\u00edtico que fica mais pr\u00f3ximo do povo, acompanhando suas alegrias e decep\u00e7\u00f5es, por isso, \u00e9 muito cobrado, o povo tem raz\u00e3o em cobrar, mas, infelizmente muitas vezes as nossas solicita\u00e7\u00f5es em defesa do povo n\u00e3o s\u00e3o atendidas, somos respons\u00e1veis por colocar a tinta na caneta, por\u00e9m, a assinatura n\u00e3o cabe a n\u00f3s\u201d citou.<\/p>\n<p style=\"text-align: justify;\">\u00a0Destacou que muitas vezes os Secret\u00e1rios Municipais e demais agentes p\u00fablicos ficam chateados, quando s\u00e3o cobrados pelos vereadores que n\u00e3o est\u00e3o buscando benef\u00edcios particulares e sim defendendo a popula\u00e7\u00e3o que precisa de <em>determinado bem ou servi\u00e7o.<\/em><\/p>\n<p style=\"text-align: justify;\">assessoria de imprensa<\/p>\n","protected":false},"excerpt":{"rendered":"<p>Descontente com o tratamento hostil que os vereadores recebem quando questionam algum setor ou \u00f3rg\u00e3o da administra\u00e7\u00e3o municipal, o Vereador Paulo S\u00e9rgio A.de P\u00e1dua em uso da tribuna durante a Sess\u00e3o Ordin\u00e1ria realizada no dia 01 de junho, falou sobre as atribui\u00e7\u00f5es dos parlamentares e o trabalho na defesa dos interesses da popula\u00e7\u00e3o. \u201c Fico [&hellip;]<\/p>\n","protected":false},"author":4,"featured_media":4041,"comment_status":"closed","ping_status":"closed","sticky":false,"template":"","format":"standard","meta":{"footnotes":""},"categories":[22],"tags":[],"class_list":["post-4040","post","type-post","status-publish","format-standard","has-post-thumbnail","hentry","category-chapadao-do-ceu"],"_links":{"self":[{"href":"https:\/\/www.ocorreionews.com.br\/acervo-correio\/index.php?rest_route=\/wp\/v2\/posts\/4040","targetHints":{"allow":["GET"]}}],"collection":[{"href":"https:\/\/www.ocorreionews.com.br\/acervo-correio\/index.php?rest_route=\/wp\/v2\/posts"}],"about":[{"href":"https:\/\/www.ocorreionews.com.br\/acervo-correio\/index.php?rest_route=\/wp\/v2\/types\/post"}],"author":[{"embeddable":true,"href":"https:\/\/www.ocorreionews.com.br\/acervo-correio\/index.php?rest_route=\/wp\/v2\/users\/4"}],"replies":[{"embeddable":true,"href":"https:\/\/www.ocorreionews.com.br\/acervo-correio\/index.php?rest_route=%2Fwp%2Fv2%2Fcomments&post=4040"}],"version-history":[{"count":0,"href":"https:\/\/www.ocorreionews.com.br\/acervo-correio\/index.php?rest_route=\/wp\/v2\/posts\/4040\/revisions"}],"wp:featuredmedia":[{"embeddable":true,"href":"https:\/\/www.ocorreionews.com.br\/acervo-correio\/index.php?rest_route=\/wp\/v2\/media\/4041"}],"wp:attachment":[{"href":"https:\/\/www.ocorreionews.com.br\/acervo-correio\/index.php?rest_route=%2Fwp%2Fv2%2Fmedia&parent=4040"}],"wp:term":[{"taxonomy":"category","embeddable":true,"href":"https:\/\/www.ocorreionews.com.br\/acervo-correio\/index.php?rest_route=%2Fwp%2Fv2%2Fcategories&post=4040"},{"taxonomy":"post_tag","embeddable":true,"href":"https:\/\/www.ocorreionews.com.br\/acervo-correio\/index.php?rest_route=%2Fwp%2Fv2%2Ftags&post=4040"}],"curies":[{"name":"wp","href":"https:\/\/api.w.org\/{rel}","templated":true}]}}