{"id":4050,"date":"2015-06-18T14:19:39","date_gmt":"2015-06-18T18:19:39","guid":{"rendered":"https:\/\/ocorreionews.com.br\/?p=4050"},"modified":"2015-06-18T14:19:39","modified_gmt":"2015-06-18T18:19:39","slug":"reinaldo-entrega-reforma-de-escola-e-reafirma-compromisso-de-nao-deixar-obras-inacabadas","status":"publish","type":"post","link":"https:\/\/www.ocorreionews.com.br\/acervo-correio\/?p=4050","title":{"rendered":"Reinaldo entrega reforma de escola e reafirma compromisso de n\u00e3o deixar obras inacabadas"},"content":{"rendered":"<p style=\"text-align: justify;\">N\u00e3o vamos deixar nenhuma obra inacabada em Mato Grosso do Sul, independente de quem come\u00e7ou o trabalho.\u201d Com esse discurso, o governador Reinaldo Azambuja inaugurou, nesta quinta-feira (18), a reforma da Escola Estadual Dr. Arnaldo Estev\u00e3o de Figueiredo, em Figueir\u00e3o.<\/p>\n<p style=\"text-align: justify;\">A unidade de ensino atende 327 alunos e recebeu R$ 149,3 mil para melhorias em toda a estrutura do pr\u00e9dio, existente desde 1997. Depois de um per\u00edodo de paralisa\u00e7\u00e3o, as obras foram retomadas no in\u00edcio desse ano. Elas fazem parte do programa \u201cObra Inacabada Zero\u201d.<\/p>\n<p style=\"text-align: justify;\">Segundo o prefeito Rog\u00e9rio Rosalino, \u201ca entrega mostra a capacidade de gest\u00e3o do governador Reinaldo, que tem um governo presente nos munic\u00edpios e reverte benef\u00edcios para a popula\u00e7\u00e3o\u201d.<\/p>\n<p style=\"text-align: justify;\">Participaram da entrega o governador Reinaldo Azambuja, a secretaria estadual de Educa\u00e7\u00e3o, Maria Cec\u00edlia, e o secret\u00e1rio da Casa Civil, S\u00e9rgio de Paula.<\/p>\n<div style=\"text-align: justify;\"><img loading=\"lazy\" decoding=\"async\" class=\"ngg-singlepic ngg-none\" src=\"http:\/\/www.noticias.ms.gov.br\/wp-content\/uploads\/sites\/13\/nggallery\/18-06-2015-reinaldo-em-figueirao\/IMG_0837.JPG\" alt=\"IMG_0837\" width=\"696\" height=\"432\" \/><\/div>\n","protected":false},"excerpt":{"rendered":"<p>N\u00e3o vamos deixar nenhuma obra inacabada em Mato Grosso do Sul, independente de quem come\u00e7ou o trabalho.\u201d Com esse discurso, o governador Reinaldo Azambuja inaugurou, nesta quinta-feira (18), a reforma da Escola Estadual Dr. Arnaldo Estev\u00e3o de Figueiredo, em Figueir\u00e3o. A unidade de ensino atende 327 alunos e recebeu R$ 149,3 mil para melhorias em [&hellip;]<\/p>\n","protected":false},"author":4,"featured_media":4051,"comment_status":"closed","ping_status":"closed","sticky":false,"template":"","format":"standard","meta":{"footnotes":""},"categories":[30],"tags":[],"class_list":["post-4050","post","type-post","status-publish","format-standard","has-post-thumbnail","hentry","category-figueirao"],"_links":{"self":[{"href":"https:\/\/www.ocorreionews.com.br\/acervo-correio\/index.php?rest_route=\/wp\/v2\/posts\/4050","targetHints":{"allow":["GET"]}}],"collection":[{"href":"https:\/\/www.ocorreionews.com.br\/acervo-correio\/index.php?rest_route=\/wp\/v2\/posts"}],"about":[{"href":"https:\/\/www.ocorreionews.com.br\/acervo-correio\/index.php?rest_route=\/wp\/v2\/types\/post"}],"author":[{"embeddable":true,"href":"https:\/\/www.ocorreionews.com.br\/acervo-correio\/index.php?rest_route=\/wp\/v2\/users\/4"}],"replies":[{"embeddable":true,"href":"https:\/\/www.ocorreionews.com.br\/acervo-correio\/index.php?rest_route=%2Fwp%2Fv2%2Fcomments&post=4050"}],"version-history":[{"count":0,"href":"https:\/\/www.ocorreionews.com.br\/acervo-correio\/index.php?rest_route=\/wp\/v2\/posts\/4050\/revisions"}],"wp:featuredmedia":[{"embeddable":true,"href":"https:\/\/www.ocorreionews.com.br\/acervo-correio\/index.php?rest_route=\/wp\/v2\/media\/4051"}],"wp:attachment":[{"href":"https:\/\/www.ocorreionews.com.br\/acervo-correio\/index.php?rest_route=%2Fwp%2Fv2%2Fmedia&parent=4050"}],"wp:term":[{"taxonomy":"category","embeddable":true,"href":"https:\/\/www.ocorreionews.com.br\/acervo-correio\/index.php?rest_route=%2Fwp%2Fv2%2Fcategories&post=4050"},{"taxonomy":"post_tag","embeddable":true,"href":"https:\/\/www.ocorreionews.com.br\/acervo-correio\/index.php?rest_route=%2Fwp%2Fv2%2Ftags&post=4050"}],"curies":[{"name":"wp","href":"https:\/\/api.w.org\/{rel}","templated":true}]}}