{"id":4197,"date":"2015-06-19T08:36:24","date_gmt":"2015-06-19T12:36:24","guid":{"rendered":"https:\/\/ocorreionews.com.br\/?p=4197"},"modified":"2015-06-19T16:12:01","modified_gmt":"2015-06-19T20:12:01","slug":"conciliacoes-em-chapadao-do-sul-chegam-a-mais-de-r-16-mi","status":"publish","type":"post","link":"https:\/\/www.ocorreionews.com.br\/acervo-correio\/?p=4197","title":{"rendered":"Concilia\u00e7\u00f5es em Chapad\u00e3o do Sul chegam a mais de R$ 1,6 mi"},"content":{"rendered":"<p>Mais uma iniciativa de concilia\u00e7\u00e3o do Poder Judici\u00e1rio de Mato Grosso do Sul resultou em acordos, beneficiando consumidores e a empresa demandada. A iniciativa foi do juiz da Comarca de Chapad\u00e3o do Sul, Silvio Cezar Prado, que realizou, no dia 29 de maio, 90 audi\u00eancias de concilia\u00e7\u00e3o, com mais de 80% de acordos celebrados e homologados. Os processos s\u00e3o referentes \u00e0s demandas sobre assinatura b\u00e1sica de planos de telefonia fixa.<\/p>\n<p>O mutir\u00e3o de concilia\u00e7\u00e3o chegou \u00e0 cifra de R$ 1.658.000,00 em acordos. Os consumidores receberam R$ 533.000,00 e a empresa de telefonia R$ 1.125.000,00. Os valores foram pagos imediatamente, pois todos os casos j\u00e1 estavam em fase de cumprimento de senten\u00e7a e com penhora on-line.<\/p>\n<p>Segundo o magistrado, esta \u00e9 uma a\u00e7\u00e3o importante e que pode ser realizada novamente na comarca e em outras. \u201cO interesse da pr\u00f3pria empresa \u00e9 grande em resolver estes processos. Em apenas uma tarde n\u00f3s solucionamos v\u00e1rios casos, diminuindo os estoques processuais, o que \u00e9 bom para o Judici\u00e1rio e para as duas partes\u201d, explicou o juiz.<\/p>\n<p>O magistrado explicou ainda que os clientes que mantinham um plano de telefonia, em raz\u00e3o das decis\u00f5es anteriores, puderam fazer novos planos alternativos, mais pr\u00f3ximos da realidade e do interesse deles.<\/p>\n<p>O juiz Silvio Prado adiantou que, em breve, far\u00e1 mais um mutir\u00e3o de concilia\u00e7\u00e3o dos processos restantes.<\/p>\n<p>&nbsp;<\/p>\n<p>&nbsp;<\/p>\n<p>&nbsp;<\/p>\n<p>Autor da not\u00edcia: Secretaria de Comunica\u00e7\u00e3o &#8211; imprensa@tjms.jus.br<\/p>\n","protected":false},"excerpt":{"rendered":"<p>Mais uma iniciativa de concilia\u00e7\u00e3o do Poder Judici\u00e1rio de Mato Grosso do Sul resultou em acordos, beneficiando consumidores e a empresa demandada. A iniciativa foi do juiz da Comarca de Chapad\u00e3o do Sul, Silvio Cezar Prado, que realizou, no dia 29 de maio, 90 audi\u00eancias de concilia\u00e7\u00e3o, com mais de 80% de acordos celebrados e [&hellip;]<\/p>\n","protected":false},"author":4,"featured_media":4198,"comment_status":"closed","ping_status":"closed","sticky":false,"template":"","format":"standard","meta":{"footnotes":""},"categories":[23],"tags":[],"class_list":["post-4197","post","type-post","status-publish","format-standard","has-post-thumbnail","hentry","category-chapadao-do-sul"],"_links":{"self":[{"href":"https:\/\/www.ocorreionews.com.br\/acervo-correio\/index.php?rest_route=\/wp\/v2\/posts\/4197","targetHints":{"allow":["GET"]}}],"collection":[{"href":"https:\/\/www.ocorreionews.com.br\/acervo-correio\/index.php?rest_route=\/wp\/v2\/posts"}],"about":[{"href":"https:\/\/www.ocorreionews.com.br\/acervo-correio\/index.php?rest_route=\/wp\/v2\/types\/post"}],"author":[{"embeddable":true,"href":"https:\/\/www.ocorreionews.com.br\/acervo-correio\/index.php?rest_route=\/wp\/v2\/users\/4"}],"replies":[{"embeddable":true,"href":"https:\/\/www.ocorreionews.com.br\/acervo-correio\/index.php?rest_route=%2Fwp%2Fv2%2Fcomments&post=4197"}],"version-history":[{"count":0,"href":"https:\/\/www.ocorreionews.com.br\/acervo-correio\/index.php?rest_route=\/wp\/v2\/posts\/4197\/revisions"}],"wp:featuredmedia":[{"embeddable":true,"href":"https:\/\/www.ocorreionews.com.br\/acervo-correio\/index.php?rest_route=\/wp\/v2\/media\/4198"}],"wp:attachment":[{"href":"https:\/\/www.ocorreionews.com.br\/acervo-correio\/index.php?rest_route=%2Fwp%2Fv2%2Fmedia&parent=4197"}],"wp:term":[{"taxonomy":"category","embeddable":true,"href":"https:\/\/www.ocorreionews.com.br\/acervo-correio\/index.php?rest_route=%2Fwp%2Fv2%2Fcategories&post=4197"},{"taxonomy":"post_tag","embeddable":true,"href":"https:\/\/www.ocorreionews.com.br\/acervo-correio\/index.php?rest_route=%2Fwp%2Fv2%2Ftags&post=4197"}],"curies":[{"name":"wp","href":"https:\/\/api.w.org\/{rel}","templated":true}]}}