{"id":4210,"date":"2015-06-19T09:28:19","date_gmt":"2015-06-19T13:28:19","guid":{"rendered":"https:\/\/ocorreionews.com.br\/?p=4210"},"modified":"2015-06-19T09:28:19","modified_gmt":"2015-06-19T13:28:19","slug":"costa-rica-paraiso-das-aguas-figueirao-estao-entre-melhores-municipios-no-ranking-do-firjan","status":"publish","type":"post","link":"https:\/\/www.ocorreionews.com.br\/acervo-correio\/?p=4210","title":{"rendered":"Costa Rica, Para\u00edso das \u00c1guas, Figueir\u00e3o est\u00e3o entre melhores  munic\u00edpios no ranking do Firjan"},"content":{"rendered":"<p>Mato Grosso do Sul \u00e9 um dos tr\u00eas estados do pa\u00eds que n\u00e3o possuem nenhum munic\u00edpio na lista dos 500 piores no \u00cdndice FIRJAN de Gest\u00e3o Fiscal (IFGF), divulgado nesta quinta-feira (18). Na outra ponta da lista, o Estado tem 12 prefeituras no seleto grupo das 500 mais bem pontuadas.<\/p>\n<p>As mais bem pontuadas de MS s\u00e3o: Costa Rica, Para\u00edso das \u00c1guas, Figueir\u00e3o, Ribas do Rio Pardo e Bodoquena. Campo Grande \u00e9 a oitava. J\u00e1 na ponta de baixo da lista est\u00e3o: Guia Lopes da Laguna, Ivinhema, Porto Murtinho, Ponta Por\u00e3 e Rio Verde de Mato Grosso.<\/p>\n<p>O Sistema Firjan revela o cumprimento da Lei de Responsabilidade Fiscal (LRF, 2000), que determina o teto de 60% para as despesas com o funcionalismo p\u00fablico.<\/p>\n<p>A previs\u00e3o da federa\u00e7\u00e3o \u00e9 que, como o ritmo da economia brasileira vem caindo desde 2014, a situa\u00e7\u00e3o apresente um panorama ainda mais cr\u00edtico neste ano.<\/p>\n<p>Com o comprometimento de despesas com pessoal cada ano maiores, as prefeituras passaram a depender ainda mais de repasses feitos por Estados e pelo governo federal. S\u00f3 que 83% das prefeituras n\u00e3o geravam nem 20% de suas receitas.<\/p>\n<p>&nbsp;<\/p>\n<p>&nbsp;<\/p>\n<p>Fonte: Correio\u00a0do Estado<\/p>\n","protected":false},"excerpt":{"rendered":"<p>Mato Grosso do Sul \u00e9 um dos tr\u00eas estados do pa\u00eds que n\u00e3o possuem nenhum munic\u00edpio na lista dos 500 piores no \u00cdndice FIRJAN de Gest\u00e3o Fiscal (IFGF), divulgado nesta quinta-feira (18). Na outra ponta da lista, o Estado tem 12 prefeituras no seleto grupo das 500 mais bem pontuadas. As mais bem pontuadas de [&hellip;]<\/p>\n","protected":false},"author":4,"featured_media":4211,"comment_status":"closed","ping_status":"closed","sticky":false,"template":"","format":"standard","meta":{"footnotes":""},"categories":[25,30,36],"tags":[],"class_list":["post-4210","post","type-post","status-publish","format-standard","has-post-thumbnail","hentry","category-costa-rica","category-figueirao","category-paraiso-das-aguas"],"_links":{"self":[{"href":"https:\/\/www.ocorreionews.com.br\/acervo-correio\/index.php?rest_route=\/wp\/v2\/posts\/4210","targetHints":{"allow":["GET"]}}],"collection":[{"href":"https:\/\/www.ocorreionews.com.br\/acervo-correio\/index.php?rest_route=\/wp\/v2\/posts"}],"about":[{"href":"https:\/\/www.ocorreionews.com.br\/acervo-correio\/index.php?rest_route=\/wp\/v2\/types\/post"}],"author":[{"embeddable":true,"href":"https:\/\/www.ocorreionews.com.br\/acervo-correio\/index.php?rest_route=\/wp\/v2\/users\/4"}],"replies":[{"embeddable":true,"href":"https:\/\/www.ocorreionews.com.br\/acervo-correio\/index.php?rest_route=%2Fwp%2Fv2%2Fcomments&post=4210"}],"version-history":[{"count":0,"href":"https:\/\/www.ocorreionews.com.br\/acervo-correio\/index.php?rest_route=\/wp\/v2\/posts\/4210\/revisions"}],"wp:featuredmedia":[{"embeddable":true,"href":"https:\/\/www.ocorreionews.com.br\/acervo-correio\/index.php?rest_route=\/wp\/v2\/media\/4211"}],"wp:attachment":[{"href":"https:\/\/www.ocorreionews.com.br\/acervo-correio\/index.php?rest_route=%2Fwp%2Fv2%2Fmedia&parent=4210"}],"wp:term":[{"taxonomy":"category","embeddable":true,"href":"https:\/\/www.ocorreionews.com.br\/acervo-correio\/index.php?rest_route=%2Fwp%2Fv2%2Fcategories&post=4210"},{"taxonomy":"post_tag","embeddable":true,"href":"https:\/\/www.ocorreionews.com.br\/acervo-correio\/index.php?rest_route=%2Fwp%2Fv2%2Ftags&post=4210"}],"curies":[{"name":"wp","href":"https:\/\/api.w.org\/{rel}","templated":true}]}}