{"id":4213,"date":"2015-06-19T10:04:26","date_gmt":"2015-06-19T14:04:26","guid":{"rendered":"https:\/\/ocorreionews.com.br\/?p=4213"},"modified":"2015-06-20T08:03:53","modified_gmt":"2015-06-20T12:03:53","slug":"13-costa-caipira-sera-realizado-no-dias-25-26-e-27-de-junho-no-centro-de-eventos-ramez-tebet","status":"publish","type":"post","link":"https:\/\/www.ocorreionews.com.br\/acervo-correio\/?p=4213","title":{"rendered":"13\u00b0 Costa Caipira ser\u00e1 realizado no dias 25, 26 e 27 de junho no Centro de Eventos Ramez Tebet"},"content":{"rendered":"<div class=\"marginBottom30px link-Internas\">\n<p>Com o apoio da SEMED \u2013 Secretaria Municipal de Ensino \u2013 as APMs \u2013 Associa\u00e7\u00e3o de Pais e Mestres \u2013 das institui\u00e7\u00f5es de ensino, realizam nos dias 25, 26 e 27 de junho de 2015, no Centro de Eventos Ramez Tebet, o 13\u00b0 Costa Caipira com in\u00edcio \u00e0s 19 horas.<\/p>\n<p>A tradicional festa junina da REME \u2013 Rede Municipal de Ensino \u2013 ter\u00e1 anima\u00e7\u00e3o da dupla prata da casa, Augusto C\u00e9sar &amp; Cristiano. O 13\u00b0 Costa Caipira promete oferecer muitas comidas t\u00edpicas e apresenta\u00e7\u00f5es culturais para o p\u00fablico presente.<\/p>\n<p>A secret\u00e1ria de Educa\u00e7\u00e3o Professora Mestre Manuelina Martins da Silva Arantes Cabral, afirma que ter\u00e1 muita divers\u00e3o, dan\u00e7a, comidas t\u00edpicas e apresenta\u00e7\u00f5es culturais. \u201cOs alunos est\u00e3o ensaiando para fazer bonito, esperamos a comunidade em geral para prestigiar. Pode vir a car\u00e1ter e se divertir, pois teremos v\u00e1rios atrativos para que seja mais um sucesso a nossa festa\u201d.<\/p>\n<p><a href=\"https:\/\/ocorreionews.com.br\/wp-content\/uploads\/2015\/06\/13-costa-caipira.jpg\"><img loading=\"lazy\" decoding=\"async\" class=\"alignnone size-full wp-image-4215\" src=\"https:\/\/ocorreionews.com.br\/wp-content\/uploads\/2015\/06\/13-costa-caipira.jpg\" alt=\"13 costa caipira\" width=\"800\" height=\"967\" srcset=\"https:\/\/www.ocorreionews.com.br\/acervo-correio\/wp-content\/uploads\/2015\/06\/13-costa-caipira.jpg 800w, https:\/\/www.ocorreionews.com.br\/acervo-correio\/wp-content\/uploads\/2015\/06\/13-costa-caipira-248x300.jpg 248w\" sizes=\"auto, (max-width: 800px) 100vw, 800px\" \/><\/a><\/p>\n<\/div>\n<div class=\"marginBottom30px link-Internas\">ASSECOM\/PMCR<\/div>\n","protected":false},"excerpt":{"rendered":"<p>Com o apoio da SEMED \u2013 Secretaria Municipal de Ensino \u2013 as APMs \u2013 Associa\u00e7\u00e3o de Pais e Mestres \u2013 das institui\u00e7\u00f5es de ensino, realizam nos dias 25, 26 e 27 de junho de 2015, no Centro de Eventos Ramez Tebet, o 13\u00b0 Costa Caipira com in\u00edcio \u00e0s 19 horas. A tradicional festa junina da [&hellip;]<\/p>\n","protected":false},"author":4,"featured_media":4214,"comment_status":"closed","ping_status":"closed","sticky":false,"template":"","format":"standard","meta":{"footnotes":""},"categories":[25],"tags":[],"class_list":["post-4213","post","type-post","status-publish","format-standard","has-post-thumbnail","hentry","category-costa-rica"],"_links":{"self":[{"href":"https:\/\/www.ocorreionews.com.br\/acervo-correio\/index.php?rest_route=\/wp\/v2\/posts\/4213","targetHints":{"allow":["GET"]}}],"collection":[{"href":"https:\/\/www.ocorreionews.com.br\/acervo-correio\/index.php?rest_route=\/wp\/v2\/posts"}],"about":[{"href":"https:\/\/www.ocorreionews.com.br\/acervo-correio\/index.php?rest_route=\/wp\/v2\/types\/post"}],"author":[{"embeddable":true,"href":"https:\/\/www.ocorreionews.com.br\/acervo-correio\/index.php?rest_route=\/wp\/v2\/users\/4"}],"replies":[{"embeddable":true,"href":"https:\/\/www.ocorreionews.com.br\/acervo-correio\/index.php?rest_route=%2Fwp%2Fv2%2Fcomments&post=4213"}],"version-history":[{"count":0,"href":"https:\/\/www.ocorreionews.com.br\/acervo-correio\/index.php?rest_route=\/wp\/v2\/posts\/4213\/revisions"}],"wp:featuredmedia":[{"embeddable":true,"href":"https:\/\/www.ocorreionews.com.br\/acervo-correio\/index.php?rest_route=\/wp\/v2\/media\/4214"}],"wp:attachment":[{"href":"https:\/\/www.ocorreionews.com.br\/acervo-correio\/index.php?rest_route=%2Fwp%2Fv2%2Fmedia&parent=4213"}],"wp:term":[{"taxonomy":"category","embeddable":true,"href":"https:\/\/www.ocorreionews.com.br\/acervo-correio\/index.php?rest_route=%2Fwp%2Fv2%2Fcategories&post=4213"},{"taxonomy":"post_tag","embeddable":true,"href":"https:\/\/www.ocorreionews.com.br\/acervo-correio\/index.php?rest_route=%2Fwp%2Fv2%2Ftags&post=4213"}],"curies":[{"name":"wp","href":"https:\/\/api.w.org\/{rel}","templated":true}]}}