{"id":4221,"date":"2015-06-19T14:37:10","date_gmt":"2015-06-19T18:37:10","guid":{"rendered":"https:\/\/ocorreionews.com.br\/?p=4221"},"modified":"2015-06-19T14:37:34","modified_gmt":"2015-06-19T18:37:34","slug":"alirio-bacca-pede-que-vacinacao-seja-estendida-ate-a-zona-rural","status":"publish","type":"post","link":"https:\/\/www.ocorreionews.com.br\/acervo-correio\/?p=4221","title":{"rendered":"Alirio Bacca pede que vacina\u00e7\u00e3o seja estendida at\u00e9 a zona rural"},"content":{"rendered":"<div class=\"ultimas_noticias-content-left\">Em suas palavras na \u00faltima sess\u00e3o, o vereador Al\u00edrio Bacca apenas comentou sobre a vacina\u00e7\u00e3o dos idosos do interior, que segundo ele deve ser mais intensificada, segundo o vereador os idosos das comunidades rurais nem sempre vem ao munic\u00edpio para a vacina\u00e7\u00e3o, desta forma seria interessante que o procedimento fosse levado at\u00e9 o interior.<\/div>\n<div class=\"ultimas_noticias-content-right\">\n<p>&nbsp;<\/p>\n<p>Para o vereador a vacina\u00e7\u00e3o \u00e9 de extrema import\u00e2ncia e ajudaria muito os idosos a terem uma vida com mais qualidade e mais saud\u00e1vel nas comunidades rurais.<\/p>\n<p>&nbsp;<\/p>\n<\/div>\n<p><span class=\"content-news\"><label><i>Assessoria: <\/i><\/label>Nat\u00e1lia Leal Scheer<\/span><\/p>\n<p><iframe loading=\"lazy\" width=\"1170\" height=\"658\" src=\"https:\/\/www.youtube.com\/embed\/myvQXMn34tY?feature=oembed\" frameborder=\"0\" allow=\"autoplay; encrypted-media\" allowfullscreen><\/iframe><\/p>\n","protected":false},"excerpt":{"rendered":"<p>Em suas palavras na \u00faltima sess\u00e3o, o vereador Al\u00edrio Bacca apenas comentou sobre a vacina\u00e7\u00e3o dos idosos do interior, que segundo ele deve ser mais intensificada, segundo o vereador os idosos das comunidades rurais nem sempre vem ao munic\u00edpio para a vacina\u00e7\u00e3o, desta forma seria interessante que o procedimento fosse levado at\u00e9 o interior. &nbsp; [&hellip;]<\/p>\n","protected":false},"author":4,"featured_media":4222,"comment_status":"closed","ping_status":"closed","sticky":false,"template":"","format":"standard","meta":{"footnotes":""},"categories":[20],"tags":[],"class_list":["post-4221","post","type-post","status-publish","format-standard","has-post-thumbnail","hentry","category-camara-municipal"],"_links":{"self":[{"href":"https:\/\/www.ocorreionews.com.br\/acervo-correio\/index.php?rest_route=\/wp\/v2\/posts\/4221","targetHints":{"allow":["GET"]}}],"collection":[{"href":"https:\/\/www.ocorreionews.com.br\/acervo-correio\/index.php?rest_route=\/wp\/v2\/posts"}],"about":[{"href":"https:\/\/www.ocorreionews.com.br\/acervo-correio\/index.php?rest_route=\/wp\/v2\/types\/post"}],"author":[{"embeddable":true,"href":"https:\/\/www.ocorreionews.com.br\/acervo-correio\/index.php?rest_route=\/wp\/v2\/users\/4"}],"replies":[{"embeddable":true,"href":"https:\/\/www.ocorreionews.com.br\/acervo-correio\/index.php?rest_route=%2Fwp%2Fv2%2Fcomments&post=4221"}],"version-history":[{"count":0,"href":"https:\/\/www.ocorreionews.com.br\/acervo-correio\/index.php?rest_route=\/wp\/v2\/posts\/4221\/revisions"}],"wp:featuredmedia":[{"embeddable":true,"href":"https:\/\/www.ocorreionews.com.br\/acervo-correio\/index.php?rest_route=\/wp\/v2\/media\/4222"}],"wp:attachment":[{"href":"https:\/\/www.ocorreionews.com.br\/acervo-correio\/index.php?rest_route=%2Fwp%2Fv2%2Fmedia&parent=4221"}],"wp:term":[{"taxonomy":"category","embeddable":true,"href":"https:\/\/www.ocorreionews.com.br\/acervo-correio\/index.php?rest_route=%2Fwp%2Fv2%2Fcategories&post=4221"},{"taxonomy":"post_tag","embeddable":true,"href":"https:\/\/www.ocorreionews.com.br\/acervo-correio\/index.php?rest_route=%2Fwp%2Fv2%2Ftags&post=4221"}],"curies":[{"name":"wp","href":"https:\/\/api.w.org\/{rel}","templated":true}]}}